{"id":3737,"date":"2014-12-17T14:50:03","date_gmt":"2014-12-17T14:50:03","guid":{"rendered":"http:\/\/www.ultimotipo.com.br\/site\/?p=3737"},"modified":"2014-12-17T14:50:03","modified_gmt":"2014-12-17T14:50:03","slug":"ultimo-tipo-abre-30a-campanha-de-popularizacao-teatro","status":"publish","type":"post","link":"https:\/\/www.ultimotipo.com.br\/site\/ultimo-tipo-abre-30a-campanha-de-popularizacao-teatro\/","title":{"rendered":"\u00daltimo Tipo abre a 30\u00aa Campanha de Populariza\u00e7\u00e3o do Teatro"},"content":{"rendered":"<p>No dia 4 de janeiro, come\u00e7a a 30\u00aa Campanha de Populariza\u00e7\u00e3o do Teatro de Campinas, e o \u00daltimo Tipo faz o espet\u00e1culo de abertura. Ser\u00e3o duas sess\u00f5es do infantil \u201cO Treco da Pata Choca\u201d, \u00e0s 11h e \u00e0s 15h, na Concha Ac\u00fastica do Parque Taquaral, com entrada franca.<\/p>\n<p>Nos dias 23 e 24, \u00e0s 15h, apresentaremos nosso mais novo espet\u00e1culo \u201cRio que passa l\u00e1\u201d, no Teatro Jos\u00e9 de Castro Mendes, com entrada a R$10,00.<\/p>\n<p>A Campanha vai at\u00e9 o dia 3 de fevereiro, com participa\u00e7\u00e3o de 30 companhias que apresentar\u00e3o 52 sess\u00f5es de teatro para adultos e crian\u00e7as. Realizado pela Associa\u00e7\u00e3o dos Profissionais de Teatro de Campinas (APTC), com o apoio da Secretaria Municipal de Cultura, o evento se tornou o maior em m\u00e9dia de p\u00fablico do Brasil.<\/p>\n<p>&nbsp;<\/p>\n<div id='gallery-1' class='gallery galleryid-3737 gallery-columns-3 gallery-size-thumbnail'><dl class='gallery-item'>\n\t\t\t<dt class='gallery-icon portrait'>\n\t\t\t\t<a href='https:\/\/www.ultimotipo.com.br\/site\/wp-content\/uploads\/2014\/12\/30a-Campanha-Pop-2015.jpg'><img loading=\"lazy\" decoding=\"async\" width=\"150\" height=\"150\" src=\"https:\/\/www.ultimotipo.com.br\/site\/wp-content\/uploads\/2014\/12\/30a-Campanha-Pop-2015-150x150.jpg\" class=\"attachment-thumbnail size-thumbnail\" alt=\"\" srcset=\"https:\/\/www.ultimotipo.com.br\/site\/wp-content\/uploads\/2014\/12\/30a-Campanha-Pop-2015-150x150.jpg 150w, https:\/\/www.ultimotipo.com.br\/site\/wp-content\/uploads\/2014\/12\/30a-Campanha-Pop-2015-70x70.jpg 70w\" sizes=\"(max-width: 150px) 100vw, 150px\" \/><\/a>\n\t\t\t<\/dt><\/dl><dl class='gallery-item'>\n\t\t\t<dt class='gallery-icon landscape'>\n\t\t\t\t<a href='https:\/\/www.ultimotipo.com.br\/site\/wp-content\/uploads\/2014\/12\/Foto-O-Treco.jpg'><img loading=\"lazy\" decoding=\"async\" width=\"150\" height=\"150\" src=\"https:\/\/www.ultimotipo.com.br\/site\/wp-content\/uploads\/2014\/12\/Foto-O-Treco-150x150.jpg\" class=\"attachment-thumbnail size-thumbnail\" alt=\"\" srcset=\"https:\/\/www.ultimotipo.com.br\/site\/wp-content\/uploads\/2014\/12\/Foto-O-Treco-150x150.jpg 150w, https:\/\/www.ultimotipo.com.br\/site\/wp-content\/uploads\/2014\/12\/Foto-O-Treco-70x70.jpg 70w\" sizes=\"(max-width: 150px) 100vw, 150px\" \/><\/a>\n\t\t\t<\/dt><\/dl><dl class='gallery-item'>\n\t\t\t<dt class='gallery-icon landscape'>\n\t\t\t\t<a href='https:\/\/www.ultimotipo.com.br\/site\/wp-content\/uploads\/2014\/12\/IMG_8359.jpg'><img loading=\"lazy\" decoding=\"async\" width=\"150\" height=\"150\" src=\"https:\/\/www.ultimotipo.com.br\/site\/wp-content\/uploads\/2014\/12\/IMG_8359-150x150.jpg\" class=\"attachment-thumbnail size-thumbnail\" alt=\"\" srcset=\"https:\/\/www.ultimotipo.com.br\/site\/wp-content\/uploads\/2014\/12\/IMG_8359-150x150.jpg 150w, https:\/\/www.ultimotipo.com.br\/site\/wp-content\/uploads\/2014\/12\/IMG_8359-70x70.jpg 70w\" sizes=\"(max-width: 150px) 100vw, 150px\" \/><\/a>\n\t\t\t<\/dt><\/dl><br style=\"clear: both\" \/>\n\t\t<\/div>\n\n","protected":false},"excerpt":{"rendered":"<p>No dia 4 de janeiro, come\u00e7a a 30\u00aa Campanha de Populariza\u00e7\u00e3o do Teatro de Campinas, e o \u00daltimo Tipo faz o espet\u00e1culo de abertura. Ser\u00e3o duas sess\u00f5es do infantil \u201cO Treco da Pata Choca\u201d, \u00e0s 11h e \u00e0s 15h, na Concha Ac\u00fastica do Parque Taquaral, com entrada franca. Nos dias 23 e 24, \u00e0s 15h, apresentaremos nosso mais novo espet\u00e1culo \u201cRio que passa l\u00e1\u201d, no Teatro Jos\u00e9 de Castro Mendes, com entrada a R$10,00. A Campanha vai at\u00e9 o dia &hellip; <a href=\"https:\/\/www.ultimotipo.com.br\/site\/ultimo-tipo-abre-30a-campanha-de-popularizacao-teatro\/\">Leia Mais <span class=\"meta-nav\"> | +<\/span><\/a><\/p>\n","protected":false},"author":3,"featured_media":3738,"comment_status":"closed","ping_status":"open","sticky":false,"template":"","format":"standard","meta":{"footnotes":""},"categories":[11],"tags":[],"_links":{"self":[{"href":"https:\/\/www.ultimotipo.com.br\/site\/wp-json\/wp\/v2\/posts\/3737"}],"collection":[{"href":"https:\/\/www.ultimotipo.com.br\/site\/wp-json\/wp\/v2\/posts"}],"about":[{"href":"https:\/\/www.ultimotipo.com.br\/site\/wp-json\/wp\/v2\/types\/post"}],"author":[{"embeddable":true,"href":"https:\/\/www.ultimotipo.com.br\/site\/wp-json\/wp\/v2\/users\/3"}],"replies":[{"embeddable":true,"href":"https:\/\/www.ultimotipo.com.br\/site\/wp-json\/wp\/v2\/comments?post=3737"}],"version-history":[{"count":2,"href":"https:\/\/www.ultimotipo.com.br\/site\/wp-json\/wp\/v2\/posts\/3737\/revisions"}],"predecessor-version":[{"id":3742,"href":"https:\/\/www.ultimotipo.com.br\/site\/wp-json\/wp\/v2\/posts\/3737\/revisions\/3742"}],"wp:featuredmedia":[{"embeddable":true,"href":"https:\/\/www.ultimotipo.com.br\/site\/wp-json\/wp\/v2\/media\/3738"}],"wp:attachment":[{"href":"https:\/\/www.ultimotipo.com.br\/site\/wp-json\/wp\/v2\/media?parent=3737"}],"wp:term":[{"taxonomy":"category","embeddable":true,"href":"https:\/\/www.ultimotipo.com.br\/site\/wp-json\/wp\/v2\/categories?post=3737"},{"taxonomy":"post_tag","embeddable":true,"href":"https:\/\/www.ultimotipo.com.br\/site\/wp-json\/wp\/v2\/tags?post=3737"}],"curies":[{"name":"wp","href":"https:\/\/api.w.org\/{rel}","templated":true}]}}