{"id":3744,"date":"2014-12-19T12:33:20","date_gmt":"2014-12-19T12:33:20","guid":{"rendered":"http:\/\/www.ultimotipo.com.br\/site\/?p=3744"},"modified":"2014-12-19T12:34:53","modified_gmt":"2014-12-19T12:34:53","slug":"vai-ter-rio-na-campanha-de-popularizacao-teatro-em-janeiro","status":"publish","type":"post","link":"https:\/\/www.ultimotipo.com.br\/site\/vai-ter-rio-na-campanha-de-popularizacao-teatro-em-janeiro\/","title":{"rendered":"Vai ter &#8220;Rio&#8230;&#8221; na Campanha de Populariza\u00e7\u00e3o do Teatro, em janeiro"},"content":{"rendered":"<p>Boas not\u00edcias para quem estava esperando a estreia do nosso novo espet\u00e1culo em Campinas, o \u201cRio que passa l\u00e1\u201d. Temos duas\u00a0apresenta\u00e7\u00f5es agendadas, nos dias 23 e 24\/01, \u00e0s 15h, no Teatro Municipal Castro Mendes, na programa\u00e7\u00e3o da Campanha de Populariza\u00e7\u00e3o do Teatro, com entrada a R$10,00.<\/p>\n<p>Realizada pela Associa\u00e7\u00e3o dos Profissionais de Teatro de Campinas (APTC), com o apoio da Secretaria Municipal de Cultura, a\u00a030\u00aa Campanha De Populariza\u00e7\u00e3o Do Teatro Campinas come\u00e7a no dia 04\/01, e o espet\u00e1culo de abertura ser\u00e1 tamb\u00e9m feito pelo\u00a0\u00daltimo Tipo, \u201cO Treco da Pata Choca\u201d, neste mesmo dia, 11h e \u00e0s 15h, na Concha Ac\u00fastica Taquaral, com entrada\u00a0franca.<\/p>\n<p>Confirme presen\u00e7a e confira a programa\u00e7\u00e3o em: <a href=\"https:\/\/www.facebook.com\/events\/881178568579506\">https:\/\/www.facebook.com\/events\/881178568579506 <\/a><\/p>\n<p>&nbsp;<\/p>\n<p><a href=\"http:\/\/www.ultimotipo.com.br\/site\/wp-content\/uploads\/2014\/12\/rio.jpg\"><img loading=\"lazy\" decoding=\"async\" class=\"alignnone size-medium wp-image-3745\" src=\"http:\/\/www.ultimotipo.com.br\/site\/wp-content\/uploads\/2014\/12\/rio-800x533.jpg\" alt=\"rio\" width=\"800\" height=\"533\" srcset=\"https:\/\/www.ultimotipo.com.br\/site\/wp-content\/uploads\/2014\/12\/rio-800x533.jpg 800w, https:\/\/www.ultimotipo.com.br\/site\/wp-content\/uploads\/2014\/12\/rio.jpg 960w\" sizes=\"(max-width: 800px) 100vw, 800px\" \/><\/a><\/p>\n","protected":false},"excerpt":{"rendered":"<p>Boas not\u00edcias para quem estava esperando a estreia do nosso novo espet\u00e1culo em Campinas, o \u201cRio que passa l\u00e1\u201d. Temos duas\u00a0apresenta\u00e7\u00f5es agendadas, nos dias 23 e 24\/01, \u00e0s 15h, no Teatro Municipal Castro Mendes, na programa\u00e7\u00e3o da Campanha de Populariza\u00e7\u00e3o do Teatro, com entrada a R$10,00. Realizada pela Associa\u00e7\u00e3o dos Profissionais de Teatro de Campinas (APTC), com o apoio da Secretaria Municipal de Cultura, a\u00a030\u00aa Campanha De Populariza\u00e7\u00e3o Do Teatro Campinas come\u00e7a no dia 04\/01, e o espet\u00e1culo de abertura &hellip; <a href=\"https:\/\/www.ultimotipo.com.br\/site\/vai-ter-rio-na-campanha-de-popularizacao-teatro-em-janeiro\/\">Leia Mais <span class=\"meta-nav\"> | +<\/span><\/a><\/p>\n","protected":false},"author":2,"featured_media":3745,"comment_status":"closed","ping_status":"open","sticky":false,"template":"","format":"standard","meta":{"footnotes":""},"categories":[11],"tags":[],"_links":{"self":[{"href":"https:\/\/www.ultimotipo.com.br\/site\/wp-json\/wp\/v2\/posts\/3744"}],"collection":[{"href":"https:\/\/www.ultimotipo.com.br\/site\/wp-json\/wp\/v2\/posts"}],"about":[{"href":"https:\/\/www.ultimotipo.com.br\/site\/wp-json\/wp\/v2\/types\/post"}],"author":[{"embeddable":true,"href":"https:\/\/www.ultimotipo.com.br\/site\/wp-json\/wp\/v2\/users\/2"}],"replies":[{"embeddable":true,"href":"https:\/\/www.ultimotipo.com.br\/site\/wp-json\/wp\/v2\/comments?post=3744"}],"version-history":[{"count":2,"href":"https:\/\/www.ultimotipo.com.br\/site\/wp-json\/wp\/v2\/posts\/3744\/revisions"}],"predecessor-version":[{"id":3747,"href":"https:\/\/www.ultimotipo.com.br\/site\/wp-json\/wp\/v2\/posts\/3744\/revisions\/3747"}],"wp:featuredmedia":[{"embeddable":true,"href":"https:\/\/www.ultimotipo.com.br\/site\/wp-json\/wp\/v2\/media\/3745"}],"wp:attachment":[{"href":"https:\/\/www.ultimotipo.com.br\/site\/wp-json\/wp\/v2\/media?parent=3744"}],"wp:term":[{"taxonomy":"category","embeddable":true,"href":"https:\/\/www.ultimotipo.com.br\/site\/wp-json\/wp\/v2\/categories?post=3744"},{"taxonomy":"post_tag","embeddable":true,"href":"https:\/\/www.ultimotipo.com.br\/site\/wp-json\/wp\/v2\/tags?post=3744"}],"curies":[{"name":"wp","href":"https:\/\/api.w.org\/{rel}","templated":true}]}}