{"id":3769,"date":"2015-01-08T14:20:20","date_gmt":"2015-01-08T14:20:20","guid":{"rendered":"http:\/\/www.ultimotipo.com.br\/site\/?p=3769"},"modified":"2015-01-08T14:21:16","modified_gmt":"2015-01-08T14:21:16","slug":"o-treco-da-pata-choca-em-video","status":"publish","type":"post","link":"https:\/\/www.ultimotipo.com.br\/site\/o-treco-da-pata-choca-em-video\/","title":{"rendered":"&#8220;O Treco da Pata Choca&#8221; em v\u00eddeo"},"content":{"rendered":"<p>D\u00e1 uma olhada no v\u00eddeo da apresenta\u00e7\u00e3o do espet\u00e1culo \u201cO Treco da Pata Choca\u201d que fizemos no \u00faltimo domingo (4), na Concha Ac\u00fastica do Taquaral, abrindo a 30\u00aa Campanha de Populariza\u00e7\u00e3o do Teatro de Campinas:<\/p>\n<p>&nbsp;<\/p>\n<p><iframe loading=\"lazy\" title=\"O Treco da Pata Choca na Concha Ac\u00fastica do Taquaral\" width=\"580\" height=\"326\" src=\"https:\/\/www.youtube.com\/embed\/00iI6m4zq1U?feature=oembed\" frameborder=\"0\" allow=\"accelerometer; autoplay; clipboard-write; encrypted-media; gyroscope; picture-in-picture; web-share\" referrerpolicy=\"strict-origin-when-cross-origin\" allowfullscreen><\/iframe><\/p>\n<p>&nbsp;<\/p>\n<p>E fique ligado na agenda: nos dias 23 e 24, \u00e0s 15h, iremos estrear a pe\u00e7a \u201cRio que passa l\u00e1\u201d, no Teatro Municipal Castro Mendes, tamb\u00e9m dentro da Campanha.<\/p>\n","protected":false},"excerpt":{"rendered":"<p>D\u00e1 uma olhada no v\u00eddeo da apresenta\u00e7\u00e3o do espet\u00e1culo \u201cO Treco da Pata Choca\u201d que fizemos no \u00faltimo domingo (4), na Concha Ac\u00fastica do Taquaral, abrindo a 30\u00aa Campanha de Populariza\u00e7\u00e3o do Teatro de Campinas: &nbsp; &nbsp; E fique ligado na agenda: nos dias 23 e 24, \u00e0s 15h, iremos estrear a pe\u00e7a \u201cRio que passa l\u00e1\u201d, no Teatro Municipal Castro Mendes, tamb\u00e9m dentro da Campanha.<\/p>\n","protected":false},"author":3,"featured_media":3770,"comment_status":"closed","ping_status":"open","sticky":false,"template":"","format":"standard","meta":{"footnotes":""},"categories":[11],"tags":[],"_links":{"self":[{"href":"https:\/\/www.ultimotipo.com.br\/site\/wp-json\/wp\/v2\/posts\/3769"}],"collection":[{"href":"https:\/\/www.ultimotipo.com.br\/site\/wp-json\/wp\/v2\/posts"}],"about":[{"href":"https:\/\/www.ultimotipo.com.br\/site\/wp-json\/wp\/v2\/types\/post"}],"author":[{"embeddable":true,"href":"https:\/\/www.ultimotipo.com.br\/site\/wp-json\/wp\/v2\/users\/3"}],"replies":[{"embeddable":true,"href":"https:\/\/www.ultimotipo.com.br\/site\/wp-json\/wp\/v2\/comments?post=3769"}],"version-history":[{"count":2,"href":"https:\/\/www.ultimotipo.com.br\/site\/wp-json\/wp\/v2\/posts\/3769\/revisions"}],"predecessor-version":[{"id":3772,"href":"https:\/\/www.ultimotipo.com.br\/site\/wp-json\/wp\/v2\/posts\/3769\/revisions\/3772"}],"wp:featuredmedia":[{"embeddable":true,"href":"https:\/\/www.ultimotipo.com.br\/site\/wp-json\/wp\/v2\/media\/3770"}],"wp:attachment":[{"href":"https:\/\/www.ultimotipo.com.br\/site\/wp-json\/wp\/v2\/media?parent=3769"}],"wp:term":[{"taxonomy":"category","embeddable":true,"href":"https:\/\/www.ultimotipo.com.br\/site\/wp-json\/wp\/v2\/categories?post=3769"},{"taxonomy":"post_tag","embeddable":true,"href":"https:\/\/www.ultimotipo.com.br\/site\/wp-json\/wp\/v2\/tags?post=3769"}],"curies":[{"name":"wp","href":"https:\/\/api.w.org\/{rel}","templated":true}]}}