{"id":3790,"date":"2015-01-16T13:47:57","date_gmt":"2015-01-16T13:47:57","guid":{"rendered":"http:\/\/www.ultimotipo.com.br\/site\/?p=3790"},"modified":"2015-01-16T13:48:46","modified_gmt":"2015-01-16T13:48:46","slug":"e-cada-historia-cabeluda","status":"publish","type":"post","link":"https:\/\/www.ultimotipo.com.br\/site\/e-cada-historia-cabeluda\/","title":{"rendered":"Livro &#8220;Rio que passa l\u00e1&#8221;. \u00c9 cada hist\u00f3ria cabeluda&#8230;"},"content":{"rendered":"<p>&#8220;\u00c9 cada hist\u00f3ria&#8230; O Tiet\u00ea \u00e9 cheio de hist\u00f3rias e lendas. Cada uma mais cabeluda que a outra. Sim, cabeluda mesmo.&#8221;<\/p>\n<p style=\"text-align: right;\">Do livro &#8220;Rio que passa l\u00e1&#8221;<\/p>\n<p>Al\u00e9m do espet\u00e1culo, iremos lan\u00e7ar, em breve, o livro do &#8220;Rio que passa l\u00e1&#8221;. O espet\u00e1culo j\u00e1 tem estreia marcada em Campinas: dias 23 e 24 de janeiro, \u00e0s 15h, no Teatro Municipal Castro Mendes, dentro da Campanha De Populariza\u00e7\u00e3o Do Teatro Campinas.<\/p>\n<p>Confirme presen\u00e7a no evento e aguarde mais novidades sobre o livro: <a href=\"https:\/\/www.facebook.com\/events\/934300333248911\/\">https:\/\/www.facebook.com\/events\/934300333248911\/<\/a><\/p>\n<p><a href=\"http:\/\/www.ultimotipo.com.br\/site\/wp-content\/uploads\/2015\/01\/rio_livro.jpg\"><img loading=\"lazy\" decoding=\"async\" class=\"alignnone size-full wp-image-3791\" src=\"http:\/\/www.ultimotipo.com.br\/site\/wp-content\/uploads\/2015\/01\/rio_livro.jpg\" alt=\"rio_livro\" width=\"789\" height=\"639\" \/><\/a><\/p>\n<p>&nbsp;<\/p>\n<p>&nbsp;<\/p>\n","protected":false},"excerpt":{"rendered":"<p>&#8220;\u00c9 cada hist\u00f3ria&#8230; O Tiet\u00ea \u00e9 cheio de hist\u00f3rias e lendas. Cada uma mais cabeluda que a outra. Sim, cabeluda mesmo.&#8221; Do livro &#8220;Rio que passa l\u00e1&#8221; Al\u00e9m do espet\u00e1culo, iremos lan\u00e7ar, em breve, o livro do &#8220;Rio que passa l\u00e1&#8221;. O espet\u00e1culo j\u00e1 tem estreia marcada em Campinas: dias 23 e 24 de janeiro, \u00e0s 15h, no Teatro Municipal Castro Mendes, dentro da Campanha De Populariza\u00e7\u00e3o Do Teatro Campinas. Confirme presen\u00e7a no evento e aguarde mais novidades sobre o &hellip; <a href=\"https:\/\/www.ultimotipo.com.br\/site\/e-cada-historia-cabeluda\/\">Leia Mais <span class=\"meta-nav\"> | +<\/span><\/a><\/p>\n","protected":false},"author":2,"featured_media":3791,"comment_status":"closed","ping_status":"open","sticky":false,"template":"","format":"standard","meta":{"footnotes":""},"categories":[11],"tags":[],"_links":{"self":[{"href":"https:\/\/www.ultimotipo.com.br\/site\/wp-json\/wp\/v2\/posts\/3790"}],"collection":[{"href":"https:\/\/www.ultimotipo.com.br\/site\/wp-json\/wp\/v2\/posts"}],"about":[{"href":"https:\/\/www.ultimotipo.com.br\/site\/wp-json\/wp\/v2\/types\/post"}],"author":[{"embeddable":true,"href":"https:\/\/www.ultimotipo.com.br\/site\/wp-json\/wp\/v2\/users\/2"}],"replies":[{"embeddable":true,"href":"https:\/\/www.ultimotipo.com.br\/site\/wp-json\/wp\/v2\/comments?post=3790"}],"version-history":[{"count":2,"href":"https:\/\/www.ultimotipo.com.br\/site\/wp-json\/wp\/v2\/posts\/3790\/revisions"}],"predecessor-version":[{"id":3793,"href":"https:\/\/www.ultimotipo.com.br\/site\/wp-json\/wp\/v2\/posts\/3790\/revisions\/3793"}],"wp:featuredmedia":[{"embeddable":true,"href":"https:\/\/www.ultimotipo.com.br\/site\/wp-json\/wp\/v2\/media\/3791"}],"wp:attachment":[{"href":"https:\/\/www.ultimotipo.com.br\/site\/wp-json\/wp\/v2\/media?parent=3790"}],"wp:term":[{"taxonomy":"category","embeddable":true,"href":"https:\/\/www.ultimotipo.com.br\/site\/wp-json\/wp\/v2\/categories?post=3790"},{"taxonomy":"post_tag","embeddable":true,"href":"https:\/\/www.ultimotipo.com.br\/site\/wp-json\/wp\/v2\/tags?post=3790"}],"curies":[{"name":"wp","href":"https:\/\/api.w.org\/{rel}","templated":true}]}}