{"id":3800,"date":"2015-01-19T18:44:31","date_gmt":"2015-01-19T18:44:31","guid":{"rendered":"http:\/\/www.ultimotipo.com.br\/site\/?p=3800"},"modified":"2015-01-19T18:50:00","modified_gmt":"2015-01-19T18:50:00","slug":"tem-cordao-animambembe-no-carnaval-em-sp","status":"publish","type":"post","link":"https:\/\/www.ultimotipo.com.br\/site\/tem-cordao-animambembe-no-carnaval-em-sp\/","title":{"rendered":"Tem Cord\u00e3o Animambembe no Carnaval em SP!"},"content":{"rendered":"<p>Oba! Faremos quatro apresenta\u00e7\u00f5es do Cord\u00e3o Animambembe no Sesc Vila Mariana, em S\u00e3o Paulo, durante o Carnaval. Os shows ocorrer\u00e3o no s\u00e1bado, domingo, segunda e ter\u00e7a, sempre \u00e0s 12h. Ent\u00e3o, j\u00e1 marque na agenda e prepare-se para nos prestigiar! Aguarde mais informa\u00e7\u00f5es em breve.<\/p>\n<p>&nbsp;<\/p>\n<p><a href=\"http:\/\/www.ultimotipo.com.br\/site\/wp-content\/uploads\/2015\/01\/cord\u00e3o-animambembe-14.jpg\"><img loading=\"lazy\" decoding=\"async\" class=\"aligncenter size-medium wp-image-3801\" src=\"http:\/\/www.ultimotipo.com.br\/site\/wp-content\/uploads\/2015\/01\/cord\u00e3o-animambembe-14-800x692.jpg\" alt=\"cord\u00e3o animambembe 14\" width=\"800\" height=\"692\" srcset=\"https:\/\/www.ultimotipo.com.br\/site\/wp-content\/uploads\/2015\/01\/cord\u00e3o-animambembe-14-800x692.jpg 800w, https:\/\/www.ultimotipo.com.br\/site\/wp-content\/uploads\/2015\/01\/cord\u00e3o-animambembe-14.jpg 960w\" sizes=\"(max-width: 800px) 100vw, 800px\" \/><\/a><\/p>\n","protected":false},"excerpt":{"rendered":"<p>Oba! Faremos quatro apresenta\u00e7\u00f5es do Cord\u00e3o Animambembe no Sesc Vila Mariana, em S\u00e3o Paulo, durante o Carnaval. Os shows ocorrer\u00e3o no s\u00e1bado, domingo, segunda e ter\u00e7a, sempre \u00e0s 12h. Ent\u00e3o, j\u00e1 marque na agenda e prepare-se para nos prestigiar! Aguarde mais informa\u00e7\u00f5es em breve. &nbsp;<\/p>\n","protected":false},"author":3,"featured_media":3801,"comment_status":"closed","ping_status":"open","sticky":false,"template":"","format":"standard","meta":{"footnotes":""},"categories":[11],"tags":[],"_links":{"self":[{"href":"https:\/\/www.ultimotipo.com.br\/site\/wp-json\/wp\/v2\/posts\/3800"}],"collection":[{"href":"https:\/\/www.ultimotipo.com.br\/site\/wp-json\/wp\/v2\/posts"}],"about":[{"href":"https:\/\/www.ultimotipo.com.br\/site\/wp-json\/wp\/v2\/types\/post"}],"author":[{"embeddable":true,"href":"https:\/\/www.ultimotipo.com.br\/site\/wp-json\/wp\/v2\/users\/3"}],"replies":[{"embeddable":true,"href":"https:\/\/www.ultimotipo.com.br\/site\/wp-json\/wp\/v2\/comments?post=3800"}],"version-history":[{"count":3,"href":"https:\/\/www.ultimotipo.com.br\/site\/wp-json\/wp\/v2\/posts\/3800\/revisions"}],"predecessor-version":[{"id":3804,"href":"https:\/\/www.ultimotipo.com.br\/site\/wp-json\/wp\/v2\/posts\/3800\/revisions\/3804"}],"wp:featuredmedia":[{"embeddable":true,"href":"https:\/\/www.ultimotipo.com.br\/site\/wp-json\/wp\/v2\/media\/3801"}],"wp:attachment":[{"href":"https:\/\/www.ultimotipo.com.br\/site\/wp-json\/wp\/v2\/media?parent=3800"}],"wp:term":[{"taxonomy":"category","embeddable":true,"href":"https:\/\/www.ultimotipo.com.br\/site\/wp-json\/wp\/v2\/categories?post=3800"},{"taxonomy":"post_tag","embeddable":true,"href":"https:\/\/www.ultimotipo.com.br\/site\/wp-json\/wp\/v2\/tags?post=3800"}],"curies":[{"name":"wp","href":"https:\/\/api.w.org\/{rel}","templated":true}]}}