{"id":3808,"date":"2015-01-21T17:23:23","date_gmt":"2015-01-21T17:23:23","guid":{"rendered":"http:\/\/www.ultimotipo.com.br\/site\/?p=3808"},"modified":"2015-01-21T17:24:47","modified_gmt":"2015-01-21T17:24:47","slug":"preparados-para-estreia-rio-no-proximo-final-de-semana","status":"publish","type":"post","link":"https:\/\/www.ultimotipo.com.br\/site\/preparados-para-estreia-rio-no-proximo-final-de-semana\/","title":{"rendered":"Preparados para a estreia do &#8220;Rio que passa l\u00e1&#8221;?"},"content":{"rendered":"<p>Toda cidade nasce com um rio, porque ningu\u00e9m vive sem \u00e1gua. E o \u00daltimo Tipo tem a honra de contar a hist\u00f3ria do rio Tiet\u00ea, em seu novo espet\u00e1culo &#8220;Rio que passa l\u00e1&#8221;, que estreia em Campinas na pr\u00f3xima sexta (23) e no pr\u00f3ximo s\u00e1bado (24), no Teatro Municipal Castro Mendes.<\/p>\n<p>As apresenta\u00e7\u00f5es fazem parte da Campanha de Populariza\u00e7\u00e3o do Teatro Campinas. Confirme presen\u00e7a no evento e compare\u00e7a: <a href=\"https:\/\/www.facebook.com\/events\/934300333248911\">https:\/\/www.facebook.com\/events\/934300333248911<\/a><\/p>\n<p><a href=\"http:\/\/www.ultimotipo.com.br\/site\/wp-content\/uploads\/2015\/01\/rio_21.jpg\"><img loading=\"lazy\" decoding=\"async\" class=\"alignnone size-medium wp-image-3809\" src=\"http:\/\/www.ultimotipo.com.br\/site\/wp-content\/uploads\/2015\/01\/rio_21-800x649.jpg\" alt=\"rio_21\" width=\"800\" height=\"649\" srcset=\"https:\/\/www.ultimotipo.com.br\/site\/wp-content\/uploads\/2015\/01\/rio_21-800x649.jpg 800w, https:\/\/www.ultimotipo.com.br\/site\/wp-content\/uploads\/2015\/01\/rio_21.jpg 830w\" sizes=\"(max-width: 800px) 100vw, 800px\" \/><\/a><\/p>\n","protected":false},"excerpt":{"rendered":"<p>Toda cidade nasce com um rio, porque ningu\u00e9m vive sem \u00e1gua. E o \u00daltimo Tipo tem a honra de contar a hist\u00f3ria do rio Tiet\u00ea, em seu novo espet\u00e1culo &#8220;Rio que passa l\u00e1&#8221;, que estreia em Campinas na pr\u00f3xima sexta (23) e no pr\u00f3ximo s\u00e1bado (24), no Teatro Municipal Castro Mendes. As apresenta\u00e7\u00f5es fazem parte da Campanha de Populariza\u00e7\u00e3o do Teatro Campinas. Confirme presen\u00e7a no evento e compare\u00e7a: https:\/\/www.facebook.com\/events\/934300333248911<\/p>\n","protected":false},"author":2,"featured_media":3809,"comment_status":"closed","ping_status":"open","sticky":false,"template":"","format":"standard","meta":{"footnotes":""},"categories":[11],"tags":[],"_links":{"self":[{"href":"https:\/\/www.ultimotipo.com.br\/site\/wp-json\/wp\/v2\/posts\/3808"}],"collection":[{"href":"https:\/\/www.ultimotipo.com.br\/site\/wp-json\/wp\/v2\/posts"}],"about":[{"href":"https:\/\/www.ultimotipo.com.br\/site\/wp-json\/wp\/v2\/types\/post"}],"author":[{"embeddable":true,"href":"https:\/\/www.ultimotipo.com.br\/site\/wp-json\/wp\/v2\/users\/2"}],"replies":[{"embeddable":true,"href":"https:\/\/www.ultimotipo.com.br\/site\/wp-json\/wp\/v2\/comments?post=3808"}],"version-history":[{"count":3,"href":"https:\/\/www.ultimotipo.com.br\/site\/wp-json\/wp\/v2\/posts\/3808\/revisions"}],"predecessor-version":[{"id":3812,"href":"https:\/\/www.ultimotipo.com.br\/site\/wp-json\/wp\/v2\/posts\/3808\/revisions\/3812"}],"wp:featuredmedia":[{"embeddable":true,"href":"https:\/\/www.ultimotipo.com.br\/site\/wp-json\/wp\/v2\/media\/3809"}],"wp:attachment":[{"href":"https:\/\/www.ultimotipo.com.br\/site\/wp-json\/wp\/v2\/media?parent=3808"}],"wp:term":[{"taxonomy":"category","embeddable":true,"href":"https:\/\/www.ultimotipo.com.br\/site\/wp-json\/wp\/v2\/categories?post=3808"},{"taxonomy":"post_tag","embeddable":true,"href":"https:\/\/www.ultimotipo.com.br\/site\/wp-json\/wp\/v2\/tags?post=3808"}],"curies":[{"name":"wp","href":"https:\/\/api.w.org\/{rel}","templated":true}]}}