{"id":3845,"date":"2015-01-30T10:43:13","date_gmt":"2015-01-30T10:43:13","guid":{"rendered":"http:\/\/www.ultimotipo.com.br\/site\/?p=3845"},"modified":"2015-01-30T10:43:13","modified_gmt":"2015-01-30T10:43:13","slug":"folia-vista","status":"publish","type":"post","link":"https:\/\/www.ultimotipo.com.br\/site\/folia-vista\/","title":{"rendered":"Folia \u00e0 vista!"},"content":{"rendered":"<p>J\u00e1 come\u00e7amos a aquecer os passos e as vozes para o<br \/>\ncarnaval, pois farememos quatro apresenta\u00e7\u00f5es do &#8220;Cord\u00e3o Animambembe&#8221; no Sesc Vila Mariana, em S\u00e3o Paulo, de 14 a 17 de fevereiro, sempre \u00e0s 11h.<\/p>\n<p>Vamos prestar uma homenagem aos paulistas Manoel Ferreira e Ruth Amaral, que compuseram v\u00e1rias marchinhas de sucesso como &#8220;Transplante de Corinthiano (Cora\u00e7\u00e3o Corinthiano)&#8221;, &#8220;A Bruxa Vem A\u00ed&#8221; e &#8220;A Pipa do Vov\u00f4&#8221;. O tema sobre cord\u00f5es que deram origem ao carnaval de S\u00e3o Paulo \u00e9 a proposta do Sesc Vila Mariana deste ano.<\/p>\n<p>Tamb\u00e9m vamos apresentar marchinhas tradicionais como &#8220;Jardineira&#8221;, &#8220;Mam\u00e3e Eu Quero&#8221;, &#8220;Cabeleira do Zez\u00e9&#8221;, e muitas outras. Contaremos como a participa\u00e7\u00e3o especial de Babi Bergamini, na percuss\u00e3o, e Fabio Oliva, no trombone. O Sesc Vila Mariana fica na rua Pelotas, n\u00ba 141. Vai ser uma folia boa!<\/p>\n<p><a href=\"http:\/\/www.ultimotipo.com.br\/site\/wp-content\/uploads\/2015\/01\/cordao_animambembe_011.jpg\"><img loading=\"lazy\" decoding=\"async\" class=\"alignnone size-medium wp-image-3846\" src=\"http:\/\/www.ultimotipo.com.br\/site\/wp-content\/uploads\/2015\/01\/cordao_animambembe_011-800x540.jpg\" alt=\"cordao_animambembe_011\" width=\"800\" height=\"540\" srcset=\"https:\/\/www.ultimotipo.com.br\/site\/wp-content\/uploads\/2015\/01\/cordao_animambembe_011-800x540.jpg 800w, https:\/\/www.ultimotipo.com.br\/site\/wp-content\/uploads\/2015\/01\/cordao_animambembe_011.jpg 887w\" sizes=\"(max-width: 800px) 100vw, 800px\" \/><\/a><\/p>\n","protected":false},"excerpt":{"rendered":"<p>J\u00e1 come\u00e7amos a aquecer os passos e as vozes para o carnaval, pois farememos quatro apresenta\u00e7\u00f5es do &#8220;Cord\u00e3o Animambembe&#8221; no Sesc Vila Mariana, em S\u00e3o Paulo, de 14 a 17 de fevereiro, sempre \u00e0s 11h. Vamos prestar uma homenagem aos paulistas Manoel Ferreira e Ruth Amaral, que compuseram v\u00e1rias marchinhas de sucesso como &#8220;Transplante de Corinthiano (Cora\u00e7\u00e3o Corinthiano)&#8221;, &#8220;A Bruxa Vem A\u00ed&#8221; e &#8220;A Pipa do Vov\u00f4&#8221;. O tema sobre cord\u00f5es que deram origem ao carnaval de S\u00e3o Paulo \u00e9 &hellip; <a href=\"https:\/\/www.ultimotipo.com.br\/site\/folia-vista\/\">Leia Mais <span class=\"meta-nav\"> | +<\/span><\/a><\/p>\n","protected":false},"author":2,"featured_media":3847,"comment_status":"closed","ping_status":"open","sticky":false,"template":"","format":"standard","meta":{"footnotes":""},"categories":[11],"tags":[],"_links":{"self":[{"href":"https:\/\/www.ultimotipo.com.br\/site\/wp-json\/wp\/v2\/posts\/3845"}],"collection":[{"href":"https:\/\/www.ultimotipo.com.br\/site\/wp-json\/wp\/v2\/posts"}],"about":[{"href":"https:\/\/www.ultimotipo.com.br\/site\/wp-json\/wp\/v2\/types\/post"}],"author":[{"embeddable":true,"href":"https:\/\/www.ultimotipo.com.br\/site\/wp-json\/wp\/v2\/users\/2"}],"replies":[{"embeddable":true,"href":"https:\/\/www.ultimotipo.com.br\/site\/wp-json\/wp\/v2\/comments?post=3845"}],"version-history":[{"count":1,"href":"https:\/\/www.ultimotipo.com.br\/site\/wp-json\/wp\/v2\/posts\/3845\/revisions"}],"predecessor-version":[{"id":3848,"href":"https:\/\/www.ultimotipo.com.br\/site\/wp-json\/wp\/v2\/posts\/3845\/revisions\/3848"}],"wp:featuredmedia":[{"embeddable":true,"href":"https:\/\/www.ultimotipo.com.br\/site\/wp-json\/wp\/v2\/media\/3847"}],"wp:attachment":[{"href":"https:\/\/www.ultimotipo.com.br\/site\/wp-json\/wp\/v2\/media?parent=3845"}],"wp:term":[{"taxonomy":"category","embeddable":true,"href":"https:\/\/www.ultimotipo.com.br\/site\/wp-json\/wp\/v2\/categories?post=3845"},{"taxonomy":"post_tag","embeddable":true,"href":"https:\/\/www.ultimotipo.com.br\/site\/wp-json\/wp\/v2\/tags?post=3845"}],"curies":[{"name":"wp","href":"https:\/\/api.w.org\/{rel}","templated":true}]}}