{"id":3850,"date":"2015-02-02T20:24:16","date_gmt":"2015-02-02T20:24:16","guid":{"rendered":"http:\/\/www.ultimotipo.com.br\/site\/?p=3850"},"modified":"2015-12-29T01:35:31","modified_gmt":"2015-12-29T01:35:31","slug":"chegou-o-livro-rio","status":"publish","type":"post","link":"https:\/\/www.ultimotipo.com.br\/site\/chegou-o-livro-rio\/","title":{"rendered":"Chegou o livro do \u201cRio\u201d"},"content":{"rendered":"<p>Acabaram de sair do forno os livros do espet\u00e1culo \u201cRio que passa l\u00e1\u201d. Eles ser\u00e3o distribu\u00eddos para crian\u00e7as das escolas p\u00fablicas que receber\u00e3o nossas apresenta\u00e7\u00f5es, dentro do projeto aprovado pelo ProAc ICMS, com patroc\u00ednio da Syngenta e produ\u00e7\u00e3o da Dire\u00e7\u00e3o Cultura.<\/p>\n<p>Ficaram lindos, n\u00e9? O texto \u00e9 da Velu Carvalho e as ilustra\u00e7\u00f5es s\u00e3o de Roni. Em breve, eles tamb\u00e9m estar\u00e3o dispon\u00edveis para o p\u00fablico em geral. Aguarde!<\/p>\n<p>&nbsp;<\/p>\n<p><a href=\"http:\/\/www.ultimotipo.com.br\/site\/wp-content\/uploads\/2015\/02\/10967680_10203377778069926_617698269_n.jpg\"><img loading=\"lazy\" decoding=\"async\" class=\"aligncenter size-medium wp-image-3851\" src=\"http:\/\/www.ultimotipo.com.br\/site\/wp-content\/uploads\/2015\/02\/10967680_10203377778069926_617698269_n-450x800.jpg\" alt=\"10967680_10203377778069926_617698269_n\" width=\"450\" height=\"800\" srcset=\"https:\/\/www.ultimotipo.com.br\/site\/wp-content\/uploads\/2015\/02\/10967680_10203377778069926_617698269_n-450x800.jpg 450w, https:\/\/www.ultimotipo.com.br\/site\/wp-content\/uploads\/2015\/02\/10967680_10203377778069926_617698269_n.jpg 540w\" sizes=\"(max-width: 450px) 100vw, 450px\" \/><\/a><\/p>\n","protected":false},"excerpt":{"rendered":"<p>Acabaram de sair do forno os livros do espet\u00e1culo \u201cRio que passa l\u00e1\u201d. Eles ser\u00e3o distribu\u00eddos para crian\u00e7as das escolas p\u00fablicas que receber\u00e3o nossas apresenta\u00e7\u00f5es, dentro do projeto aprovado pelo ProAc ICMS, com patroc\u00ednio da Syngenta e produ\u00e7\u00e3o da Dire\u00e7\u00e3o Cultura. Ficaram lindos, n\u00e9? O texto \u00e9 da Velu Carvalho e as ilustra\u00e7\u00f5es s\u00e3o de Roni. Em breve, eles tamb\u00e9m estar\u00e3o dispon\u00edveis para o p\u00fablico em geral. Aguarde! &nbsp;<\/p>\n","protected":false},"author":3,"featured_media":3851,"comment_status":"closed","ping_status":"open","sticky":false,"template":"","format":"standard","meta":{"footnotes":""},"categories":[11],"tags":[],"_links":{"self":[{"href":"https:\/\/www.ultimotipo.com.br\/site\/wp-json\/wp\/v2\/posts\/3850"}],"collection":[{"href":"https:\/\/www.ultimotipo.com.br\/site\/wp-json\/wp\/v2\/posts"}],"about":[{"href":"https:\/\/www.ultimotipo.com.br\/site\/wp-json\/wp\/v2\/types\/post"}],"author":[{"embeddable":true,"href":"https:\/\/www.ultimotipo.com.br\/site\/wp-json\/wp\/v2\/users\/3"}],"replies":[{"embeddable":true,"href":"https:\/\/www.ultimotipo.com.br\/site\/wp-json\/wp\/v2\/comments?post=3850"}],"version-history":[{"count":1,"href":"https:\/\/www.ultimotipo.com.br\/site\/wp-json\/wp\/v2\/posts\/3850\/revisions"}],"predecessor-version":[{"id":3852,"href":"https:\/\/www.ultimotipo.com.br\/site\/wp-json\/wp\/v2\/posts\/3850\/revisions\/3852"}],"wp:featuredmedia":[{"embeddable":true,"href":"https:\/\/www.ultimotipo.com.br\/site\/wp-json\/wp\/v2\/media\/3851"}],"wp:attachment":[{"href":"https:\/\/www.ultimotipo.com.br\/site\/wp-json\/wp\/v2\/media?parent=3850"}],"wp:term":[{"taxonomy":"category","embeddable":true,"href":"https:\/\/www.ultimotipo.com.br\/site\/wp-json\/wp\/v2\/categories?post=3850"},{"taxonomy":"post_tag","embeddable":true,"href":"https:\/\/www.ultimotipo.com.br\/site\/wp-json\/wp\/v2\/tags?post=3850"}],"curies":[{"name":"wp","href":"https:\/\/api.w.org\/{rel}","templated":true}]}}