{"id":3854,"date":"2015-02-04T16:50:08","date_gmt":"2015-02-04T16:50:08","guid":{"rendered":"http:\/\/www.ultimotipo.com.br\/site\/?p=3854"},"modified":"2015-02-05T18:45:44","modified_gmt":"2015-02-05T18:45:44","slug":"cordao-animambembe-no-sesc-vila-mariana","status":"publish","type":"post","link":"https:\/\/www.ultimotipo.com.br\/site\/cordao-animambembe-no-sesc-vila-mariana\/","title":{"rendered":"&#8220;Cord\u00e3o Animambembe&#8221; no Sesc Vila Mariana"},"content":{"rendered":"<p>&#8220;A pipa do vov\u00f4 n\u00e3o sobe mais<br \/>\nA pipa do vov\u00f4 n\u00e3o sobe mais<br \/>\nApesar de fazer muita for\u00e7a<br \/>\nO vov\u00f4 foi passado pra tr\u00e1s!<\/p>\n<p>Ele tentou mais uma empinadinha<br \/>\nA pipa n\u00e3o deu nenhuma subidinha<br \/>\nEle tentou mais uma empinadinha<br \/>\nA pipa n\u00e3o deu nenhuma subidinha&#8221;<\/p>\n<p>&#8220;A Pipa do Vov\u00f4&#8221;, de Manoel Ferreira e Ruth Amaral<\/p>\n<p>J\u00e1 \u00e9 fevereiro, e o \u00daltimo Tipo est\u00e1 em ritmo de Carnaval. Faremos quatro apresenta\u00e7\u00f5es do &#8220;Cord\u00e3o Animambembe&#8221; no Sesc Vila Mariana, em S\u00e3o Paulo, de 14 a 17 de fevereiro, sempre \u00e0s 11h. Vamos prestar uma homenagem aos paulistas Manoel Ferreira e Ruth Amaral, que compuseram v\u00e1rias marchinhas de sucesso como &#8220;Transplante de Corinthiano (Cora\u00e7\u00e3o Corinthiano)&#8221;, &#8220;A Bruxa Vem A\u00ed&#8221; e &#8220;A Pipa do Vov\u00f4&#8221;, al\u00e9m de outras tradicionais marchinhas.<\/p>\n<p>Para saber mais sobre o &#8220;Cord\u00e3o Animambembe&#8221;, acesse: <a href=\"http:\/\/www.ultimotipo.com.br\/site\/espetaculos\/para-todos\/cordao-animambembe\/\">http:\/\/www.ultimotipo.com.br\/site\/espetaculos\/para-todos\/cordao-animambembe\/<\/a><\/p>\n<p><a href=\"http:\/\/www.ultimotipo.com.br\/site\/wp-content\/uploads\/2015\/02\/ut.jpg\"><img loading=\"lazy\" decoding=\"async\" class=\"alignnone size-full wp-image-3855\" src=\"http:\/\/www.ultimotipo.com.br\/site\/wp-content\/uploads\/2015\/02\/ut.jpg\" alt=\"ut\" width=\"287\" height=\"214\" \/><\/a><\/p>\n","protected":false},"excerpt":{"rendered":"<p>&#8220;A pipa do vov\u00f4 n\u00e3o sobe mais A pipa do vov\u00f4 n\u00e3o sobe mais Apesar de fazer muita for\u00e7a O vov\u00f4 foi passado pra tr\u00e1s! Ele tentou mais uma empinadinha A pipa n\u00e3o deu nenhuma subidinha Ele tentou mais uma empinadinha A pipa n\u00e3o deu nenhuma subidinha&#8221; &#8220;A Pipa do Vov\u00f4&#8221;, de Manoel Ferreira e Ruth Amaral J\u00e1 \u00e9 fevereiro, e o \u00daltimo Tipo est\u00e1 em ritmo de Carnaval. Faremos quatro apresenta\u00e7\u00f5es do &#8220;Cord\u00e3o Animambembe&#8221; no Sesc Vila Mariana, em &hellip; <a href=\"https:\/\/www.ultimotipo.com.br\/site\/cordao-animambembe-no-sesc-vila-mariana\/\">Leia Mais <span class=\"meta-nav\"> | +<\/span><\/a><\/p>\n","protected":false},"author":2,"featured_media":3857,"comment_status":"closed","ping_status":"open","sticky":false,"template":"","format":"standard","meta":{"footnotes":""},"categories":[11],"tags":[],"_links":{"self":[{"href":"https:\/\/www.ultimotipo.com.br\/site\/wp-json\/wp\/v2\/posts\/3854"}],"collection":[{"href":"https:\/\/www.ultimotipo.com.br\/site\/wp-json\/wp\/v2\/posts"}],"about":[{"href":"https:\/\/www.ultimotipo.com.br\/site\/wp-json\/wp\/v2\/types\/post"}],"author":[{"embeddable":true,"href":"https:\/\/www.ultimotipo.com.br\/site\/wp-json\/wp\/v2\/users\/2"}],"replies":[{"embeddable":true,"href":"https:\/\/www.ultimotipo.com.br\/site\/wp-json\/wp\/v2\/comments?post=3854"}],"version-history":[{"count":2,"href":"https:\/\/www.ultimotipo.com.br\/site\/wp-json\/wp\/v2\/posts\/3854\/revisions"}],"predecessor-version":[{"id":3868,"href":"https:\/\/www.ultimotipo.com.br\/site\/wp-json\/wp\/v2\/posts\/3854\/revisions\/3868"}],"wp:featuredmedia":[{"embeddable":true,"href":"https:\/\/www.ultimotipo.com.br\/site\/wp-json\/wp\/v2\/media\/3857"}],"wp:attachment":[{"href":"https:\/\/www.ultimotipo.com.br\/site\/wp-json\/wp\/v2\/media?parent=3854"}],"wp:term":[{"taxonomy":"category","embeddable":true,"href":"https:\/\/www.ultimotipo.com.br\/site\/wp-json\/wp\/v2\/categories?post=3854"},{"taxonomy":"post_tag","embeddable":true,"href":"https:\/\/www.ultimotipo.com.br\/site\/wp-json\/wp\/v2\/tags?post=3854"}],"curies":[{"name":"wp","href":"https:\/\/api.w.org\/{rel}","templated":true}]}}