{"id":3870,"date":"2015-02-06T11:10:48","date_gmt":"2015-02-06T11:10:48","guid":{"rendered":"http:\/\/www.ultimotipo.com.br\/site\/?p=3870"},"modified":"2015-02-06T11:10:48","modified_gmt":"2015-02-06T11:10:48","slug":"aquecimento-para-o-carnaval-2015","status":"publish","type":"post","link":"https:\/\/www.ultimotipo.com.br\/site\/aquecimento-para-o-carnaval-2015\/","title":{"rendered":"Aquecimento para o Carnaval 2015"},"content":{"rendered":"<p>&#8220;Mam\u00e3e, eu quero, mam\u00e3e, eu quero<br \/>\nMam\u00e3e, eu quero mamar<br \/>\nD\u00e1 a chupeta, d\u00e1 a chupeta<br \/>\nD\u00e1 a chupeta pro beb\u00ea n\u00e3o chorar<\/p>\n<p>Dorme, filhinho do meu cora\u00e7\u00e3o<br \/>\nPega a mamadeira e vem entrar no meu cord\u00e3o<br \/>\nEu tenho uma irm\u00e3 que se chama Ana<br \/>\nDe piscar o olho j\u00e1 ficou sem a pestana&#8221;<\/p>\n<p>O aquecimento pro Carnaval continua por aqui, afinal,<br \/>\nfaremos quatro apresenta\u00e7\u00f5es do &#8220;Cord\u00e3o Animambembe&#8221; no<br \/>\nSesc Vila Mariana, em S\u00e3o Paulo, de 14 a 17\/02, sempre \u00e0s<br \/>\n11h.<\/p>\n<p>Al\u00e9m de prestar homenagem a Manoel Ferreira e Ruth Amaral,<br \/>\nque compuseram marchinhas de sucesso como &#8220;Transplante de<br \/>\nCorinthiano (Cora\u00e7\u00e3o Corinthiano)&#8221;, &#8220;A Bruxa Vem A\u00ed&#8221; e &#8220;A<br \/>\nPipa do Vov\u00f4&#8221;, iremoa animar as matin\u00eas com tradicionais<br \/>\nmarchinhas como &#8220;Jardineira&#8221;, &#8220;Mam\u00e3e Eu Quero&#8221;, &#8220;Cabeleira<br \/>\ndo Zez\u00e9&#8221;. Venha pra folia!<\/p>\n<p><a href=\"http:\/\/www.ultimotipo.com.br\/site\/wp-content\/uploads\/2013\/08\/cordao_animambembe_004.jpg\"><img loading=\"lazy\" decoding=\"async\" class=\"alignnone size-full wp-image-1235\" src=\"http:\/\/www.ultimotipo.com.br\/site\/wp-content\/uploads\/2013\/08\/cordao_animambembe_004.jpg\" alt=\"cordao_animambembe_004.jpg\" width=\"721\" height=\"611\" \/><\/a><\/p>\n","protected":false},"excerpt":{"rendered":"<p>&#8220;Mam\u00e3e, eu quero, mam\u00e3e, eu quero Mam\u00e3e, eu quero mamar D\u00e1 a chupeta, d\u00e1 a chupeta D\u00e1 a chupeta pro beb\u00ea n\u00e3o chorar Dorme, filhinho do meu cora\u00e7\u00e3o Pega a mamadeira e vem entrar no meu cord\u00e3o Eu tenho uma irm\u00e3 que se chama Ana De piscar o olho j\u00e1 ficou sem a pestana&#8221; O aquecimento pro Carnaval continua por aqui, afinal, faremos quatro apresenta\u00e7\u00f5es do &#8220;Cord\u00e3o Animambembe&#8221; no Sesc Vila Mariana, em S\u00e3o Paulo, de 14 a 17\/02, sempre &hellip; <a href=\"https:\/\/www.ultimotipo.com.br\/site\/aquecimento-para-o-carnaval-2015\/\">Leia Mais <span class=\"meta-nav\"> | +<\/span><\/a><\/p>\n","protected":false},"author":2,"featured_media":3847,"comment_status":"closed","ping_status":"open","sticky":false,"template":"","format":"standard","meta":{"footnotes":""},"categories":[11],"tags":[],"_links":{"self":[{"href":"https:\/\/www.ultimotipo.com.br\/site\/wp-json\/wp\/v2\/posts\/3870"}],"collection":[{"href":"https:\/\/www.ultimotipo.com.br\/site\/wp-json\/wp\/v2\/posts"}],"about":[{"href":"https:\/\/www.ultimotipo.com.br\/site\/wp-json\/wp\/v2\/types\/post"}],"author":[{"embeddable":true,"href":"https:\/\/www.ultimotipo.com.br\/site\/wp-json\/wp\/v2\/users\/2"}],"replies":[{"embeddable":true,"href":"https:\/\/www.ultimotipo.com.br\/site\/wp-json\/wp\/v2\/comments?post=3870"}],"version-history":[{"count":1,"href":"https:\/\/www.ultimotipo.com.br\/site\/wp-json\/wp\/v2\/posts\/3870\/revisions"}],"predecessor-version":[{"id":3871,"href":"https:\/\/www.ultimotipo.com.br\/site\/wp-json\/wp\/v2\/posts\/3870\/revisions\/3871"}],"wp:featuredmedia":[{"embeddable":true,"href":"https:\/\/www.ultimotipo.com.br\/site\/wp-json\/wp\/v2\/media\/3847"}],"wp:attachment":[{"href":"https:\/\/www.ultimotipo.com.br\/site\/wp-json\/wp\/v2\/media?parent=3870"}],"wp:term":[{"taxonomy":"category","embeddable":true,"href":"https:\/\/www.ultimotipo.com.br\/site\/wp-json\/wp\/v2\/categories?post=3870"},{"taxonomy":"post_tag","embeddable":true,"href":"https:\/\/www.ultimotipo.com.br\/site\/wp-json\/wp\/v2\/tags?post=3870"}],"curies":[{"name":"wp","href":"https:\/\/api.w.org\/{rel}","templated":true}]}}