{"id":3885,"date":"2015-02-11T11:10:22","date_gmt":"2015-02-11T11:10:22","guid":{"rendered":"http:\/\/www.ultimotipo.com.br\/site\/?p=3885"},"modified":"2015-02-11T11:10:22","modified_gmt":"2015-02-11T11:10:22","slug":"nao-leve-mal-hoje-e-carnaval","status":"publish","type":"post","link":"https:\/\/www.ultimotipo.com.br\/site\/nao-leve-mal-hoje-e-carnaval\/","title":{"rendered":"N\u00e3o me leve a mal, hoje \u00e9 Carnaval!"},"content":{"rendered":"<p>T\u00e1 quase chegando a hora de botar a fantasia e cair na folia. Vai estar em S\u00e3o Paulo no Carnaval? Ent\u00e3o fica a dica: faremos quatro apresenta\u00e7\u00f5es do &#8220;Cord\u00e3o Animambembe&#8221; no <a href=\"https:\/\/www.facebook.com\/sescvilamariana\" data-hovercard=\"\/ajax\/hovercard\/page.php?id=132553503492553\">Sesc Vila Mariana<\/a>, de 14 a 17\/<span class=\"text_exposed_show\">02, sempre \u00e0s 11h. No repert\u00f3rio, homenagem \u00e0s composi\u00e7\u00f5es de Manoel Ferreira e Ruth Amaral (&#8220;Transplante de Corinthiano&#8221;, &#8220;A Bruxa Vem A\u00ed&#8221;, &#8220;A Pipa do Vov\u00f4&#8221;, etc.) a outras tradicionais marchinhas como &#8220;Jardineira&#8221;, &#8220;Mam\u00e3e Eu Quero&#8221;, &#8220;Cabeleira do Zez\u00e9&#8221;.<\/p>\n<p><a href=\"http:\/\/youtu.be\/SwTqHbNkzCQ\" target=\"_blank\" rel=\"nofollow nofollow\">http:\/\/youtu.be\/SwTqHbNkzCQ<\/a><\/span><\/p>\n","protected":false},"excerpt":{"rendered":"<p>T\u00e1 quase chegando a hora de botar a fantasia e cair na folia. Vai estar em S\u00e3o Paulo no Carnaval? Ent\u00e3o fica a dica: faremos quatro apresenta\u00e7\u00f5es do &#8220;Cord\u00e3o Animambembe&#8221; no Sesc Vila Mariana, de 14 a 17\/02, sempre \u00e0s 11h. No repert\u00f3rio, homenagem \u00e0s composi\u00e7\u00f5es de Manoel Ferreira e Ruth Amaral (&#8220;Transplante de Corinthiano&#8221;, &#8220;A Bruxa Vem A\u00ed&#8221;, &#8220;A Pipa do Vov\u00f4&#8221;, etc.) a outras tradicionais marchinhas como &#8220;Jardineira&#8221;, &#8220;Mam\u00e3e Eu Quero&#8221;, &#8220;Cabeleira do Zez\u00e9&#8221;. http:\/\/youtu.be\/SwTqHbNkzCQ<\/p>\n","protected":false},"author":2,"featured_media":3886,"comment_status":"closed","ping_status":"open","sticky":false,"template":"","format":"standard","meta":{"footnotes":""},"categories":[11],"tags":[],"_links":{"self":[{"href":"https:\/\/www.ultimotipo.com.br\/site\/wp-json\/wp\/v2\/posts\/3885"}],"collection":[{"href":"https:\/\/www.ultimotipo.com.br\/site\/wp-json\/wp\/v2\/posts"}],"about":[{"href":"https:\/\/www.ultimotipo.com.br\/site\/wp-json\/wp\/v2\/types\/post"}],"author":[{"embeddable":true,"href":"https:\/\/www.ultimotipo.com.br\/site\/wp-json\/wp\/v2\/users\/2"}],"replies":[{"embeddable":true,"href":"https:\/\/www.ultimotipo.com.br\/site\/wp-json\/wp\/v2\/comments?post=3885"}],"version-history":[{"count":1,"href":"https:\/\/www.ultimotipo.com.br\/site\/wp-json\/wp\/v2\/posts\/3885\/revisions"}],"predecessor-version":[{"id":3887,"href":"https:\/\/www.ultimotipo.com.br\/site\/wp-json\/wp\/v2\/posts\/3885\/revisions\/3887"}],"wp:featuredmedia":[{"embeddable":true,"href":"https:\/\/www.ultimotipo.com.br\/site\/wp-json\/wp\/v2\/media\/3886"}],"wp:attachment":[{"href":"https:\/\/www.ultimotipo.com.br\/site\/wp-json\/wp\/v2\/media?parent=3885"}],"wp:term":[{"taxonomy":"category","embeddable":true,"href":"https:\/\/www.ultimotipo.com.br\/site\/wp-json\/wp\/v2\/categories?post=3885"},{"taxonomy":"post_tag","embeddable":true,"href":"https:\/\/www.ultimotipo.com.br\/site\/wp-json\/wp\/v2\/tags?post=3885"}],"curies":[{"name":"wp","href":"https:\/\/api.w.org\/{rel}","templated":true}]}}