{"id":3925,"date":"2015-02-13T18:17:55","date_gmt":"2015-02-13T18:17:55","guid":{"rendered":"http:\/\/www.ultimotipo.com.br\/site\/?p=3925"},"modified":"2015-02-19T18:30:33","modified_gmt":"2015-02-19T18:30:33","slug":"e-amanha-ultimo-tipo-no-carnaval-do-sesc-vila-mariana","status":"publish","type":"post","link":"https:\/\/www.ultimotipo.com.br\/site\/e-amanha-ultimo-tipo-no-carnaval-do-sesc-vila-mariana\/","title":{"rendered":"E come\u00e7a a folia&#8230;"},"content":{"rendered":"<p>Animados para o Carnaval? Pois n\u00f3s j\u00e1 estamos de malas prontas, fantasiados e aquecidos para partir para S\u00e3o Paulo. De amanh\u00e3 (14) a ter\u00e7a (17), levaremos nosso \u201cCord\u00e3o Animambembe\u201d para o Sesc Vila Mariana, sempre \u00e0s 11h.<\/p>\n<p>No repert\u00f3rio, composi\u00e7\u00f5es de Manoel Ferreira e Ruth Amaral (&#8220;Transplante de Corinthiano&#8221;, &#8220;A Bruxa Vem A\u00ed&#8221;, &#8220;A Pipa do Vov\u00f4&#8221;, etc.) e outras tradicionais marchinhas, como &#8220;Jardineira&#8221;, &#8220;Mam\u00e3e Eu Quero&#8221;, &#8220;Cabeleira do Zez\u00e9&#8221;.<\/p>\n<p>&nbsp;<\/p>\n<p><a href=\"http:\/\/www.ultimotipo.com.br\/site\/wp-content\/uploads\/2015\/02\/cord\u00e3o-animambembe-3.jpg\"><img loading=\"lazy\" decoding=\"async\" class=\"aligncenter size-medium wp-image-3926\" src=\"http:\/\/www.ultimotipo.com.br\/site\/wp-content\/uploads\/2015\/02\/cord\u00e3o-animambembe-3-800x533.jpg\" alt=\"cord\u00e3o animambembe 3\" width=\"800\" height=\"533\" srcset=\"https:\/\/www.ultimotipo.com.br\/site\/wp-content\/uploads\/2015\/02\/cord\u00e3o-animambembe-3-800x533.jpg 800w, https:\/\/www.ultimotipo.com.br\/site\/wp-content\/uploads\/2015\/02\/cord\u00e3o-animambembe-3.jpg 960w\" sizes=\"(max-width: 800px) 100vw, 800px\" \/><\/a><\/p>\n","protected":false},"excerpt":{"rendered":"<p>Animados para o Carnaval? Pois n\u00f3s j\u00e1 estamos de malas prontas, fantasiados e aquecidos para partir para S\u00e3o Paulo. De amanh\u00e3 (14) a ter\u00e7a (17), levaremos nosso \u201cCord\u00e3o Animambembe\u201d para o Sesc Vila Mariana, sempre \u00e0s 11h. No repert\u00f3rio, composi\u00e7\u00f5es de Manoel Ferreira e Ruth Amaral (&#8220;Transplante de Corinthiano&#8221;, &#8220;A Bruxa Vem A\u00ed&#8221;, &#8220;A Pipa do Vov\u00f4&#8221;, etc.) e outras tradicionais marchinhas, como &#8220;Jardineira&#8221;, &#8220;Mam\u00e3e Eu Quero&#8221;, &#8220;Cabeleira do Zez\u00e9&#8221;. &nbsp;<\/p>\n","protected":false},"author":3,"featured_media":3926,"comment_status":"closed","ping_status":"open","sticky":false,"template":"","format":"standard","meta":{"footnotes":""},"categories":[11],"tags":[],"_links":{"self":[{"href":"https:\/\/www.ultimotipo.com.br\/site\/wp-json\/wp\/v2\/posts\/3925"}],"collection":[{"href":"https:\/\/www.ultimotipo.com.br\/site\/wp-json\/wp\/v2\/posts"}],"about":[{"href":"https:\/\/www.ultimotipo.com.br\/site\/wp-json\/wp\/v2\/types\/post"}],"author":[{"embeddable":true,"href":"https:\/\/www.ultimotipo.com.br\/site\/wp-json\/wp\/v2\/users\/3"}],"replies":[{"embeddable":true,"href":"https:\/\/www.ultimotipo.com.br\/site\/wp-json\/wp\/v2\/comments?post=3925"}],"version-history":[{"count":3,"href":"https:\/\/www.ultimotipo.com.br\/site\/wp-json\/wp\/v2\/posts\/3925\/revisions"}],"predecessor-version":[{"id":3929,"href":"https:\/\/www.ultimotipo.com.br\/site\/wp-json\/wp\/v2\/posts\/3925\/revisions\/3929"}],"wp:featuredmedia":[{"embeddable":true,"href":"https:\/\/www.ultimotipo.com.br\/site\/wp-json\/wp\/v2\/media\/3926"}],"wp:attachment":[{"href":"https:\/\/www.ultimotipo.com.br\/site\/wp-json\/wp\/v2\/media?parent=3925"}],"wp:term":[{"taxonomy":"category","embeddable":true,"href":"https:\/\/www.ultimotipo.com.br\/site\/wp-json\/wp\/v2\/categories?post=3925"},{"taxonomy":"post_tag","embeddable":true,"href":"https:\/\/www.ultimotipo.com.br\/site\/wp-json\/wp\/v2\/tags?post=3925"}],"curies":[{"name":"wp","href":"https:\/\/api.w.org\/{rel}","templated":true}]}}