{"id":3955,"date":"2015-03-04T13:03:20","date_gmt":"2015-03-04T13:03:20","guid":{"rendered":"http:\/\/www.ultimotipo.com.br\/site\/?p=3955"},"modified":"2015-03-04T13:03:20","modified_gmt":"2015-03-04T13:03:20","slug":"pocket-show-de-o-treco-na-fnac","status":"publish","type":"post","link":"https:\/\/www.ultimotipo.com.br\/site\/pocket-show-de-o-treco-na-fnac\/","title":{"rendered":"Pocket show de &#8220;O Treco..&#8221; na FNAC"},"content":{"rendered":"<p>O CD \u201cO Treco da Pata Choca\u201d, trilha sonora do espet\u00e1culo hom\u00f4nimo, j\u00e1 \u00e9 sucesso entre a crian\u00e7ada. Quem comparecer ao pocket show na FNAC Campinas, no dia 28\/03, \u00e0s 18h, vai conferir as principais composi\u00e7\u00f5es deste \u00e1lbum. Quer ouvir um pouquinho antes? Acesse aqui:<a href=\"https:\/\/soundcloud.com\/ultimo-tipo\/sets\/o-treco-da-pata-choca-amostra\" target=\"_blank\" rel=\"nofollow\">https:\/\/soundcloud.com\/ulti\u2026\/\u2026\/o-treco-da-pata-choca-amostra<\/a><\/p>\n<p>Confirme presen\u00e7a no evento:<a class=\"profileLink\" href=\"https:\/\/www.facebook.com\/events\/784931064895304\/\" data-hovercard=\"\/ajax\/hovercard\/event.php?id=784931064895304\">https:\/\/www.facebook.com\/events\/784931064895304<\/a><\/p>\n<p>A FNAC Campinas est\u00e1 localizada no Parque Dom Pedro Shopping. Entrada gratuita.<\/p>\n","protected":false},"excerpt":{"rendered":"<p>O CD \u201cO Treco da Pata Choca\u201d, trilha sonora do espet\u00e1culo hom\u00f4nimo, j\u00e1 \u00e9 sucesso entre a crian\u00e7ada. Quem comparecer ao pocket show na FNAC Campinas, no dia 28\/03, \u00e0s 18h, vai conferir as principais composi\u00e7\u00f5es deste \u00e1lbum. Quer ouvir um pouquinho antes? Acesse aqui:https:\/\/soundcloud.com\/ulti\u2026\/\u2026\/o-treco-da-pata-choca-amostra Confirme presen\u00e7a no evento:https:\/\/www.facebook.com\/events\/784931064895304 A FNAC Campinas est\u00e1 localizada no Parque Dom Pedro Shopping. Entrada gratuita.<\/p>\n","protected":false},"author":2,"featured_media":3447,"comment_status":"closed","ping_status":"open","sticky":false,"template":"","format":"standard","meta":{"footnotes":""},"categories":[11],"tags":[],"_links":{"self":[{"href":"https:\/\/www.ultimotipo.com.br\/site\/wp-json\/wp\/v2\/posts\/3955"}],"collection":[{"href":"https:\/\/www.ultimotipo.com.br\/site\/wp-json\/wp\/v2\/posts"}],"about":[{"href":"https:\/\/www.ultimotipo.com.br\/site\/wp-json\/wp\/v2\/types\/post"}],"author":[{"embeddable":true,"href":"https:\/\/www.ultimotipo.com.br\/site\/wp-json\/wp\/v2\/users\/2"}],"replies":[{"embeddable":true,"href":"https:\/\/www.ultimotipo.com.br\/site\/wp-json\/wp\/v2\/comments?post=3955"}],"version-history":[{"count":1,"href":"https:\/\/www.ultimotipo.com.br\/site\/wp-json\/wp\/v2\/posts\/3955\/revisions"}],"predecessor-version":[{"id":3956,"href":"https:\/\/www.ultimotipo.com.br\/site\/wp-json\/wp\/v2\/posts\/3955\/revisions\/3956"}],"wp:featuredmedia":[{"embeddable":true,"href":"https:\/\/www.ultimotipo.com.br\/site\/wp-json\/wp\/v2\/media\/3447"}],"wp:attachment":[{"href":"https:\/\/www.ultimotipo.com.br\/site\/wp-json\/wp\/v2\/media?parent=3955"}],"wp:term":[{"taxonomy":"category","embeddable":true,"href":"https:\/\/www.ultimotipo.com.br\/site\/wp-json\/wp\/v2\/categories?post=3955"},{"taxonomy":"post_tag","embeddable":true,"href":"https:\/\/www.ultimotipo.com.br\/site\/wp-json\/wp\/v2\/tags?post=3955"}],"curies":[{"name":"wp","href":"https:\/\/api.w.org\/{rel}","templated":true}]}}