{"id":3960,"date":"2015-03-09T12:47:28","date_gmt":"2015-03-09T12:47:28","guid":{"rendered":"http:\/\/www.ultimotipo.com.br\/site\/?p=3960"},"modified":"2015-03-09T12:47:28","modified_gmt":"2015-03-09T12:47:28","slug":"confira-as-datas-nas-cidades-que-serao-banhadas-pelo-rio","status":"publish","type":"post","link":"https:\/\/www.ultimotipo.com.br\/site\/confira-as-datas-nas-cidades-que-serao-banhadas-pelo-rio\/","title":{"rendered":"Confira as datas nas cidades que ser\u00e3o banhadas pelo &#8220;Rio&#8230;&#8221;"},"content":{"rendered":"<p>J\u00e1 sa\u00edram as datas da primeira etapa de circula\u00e7\u00e3o do nosso novo espet\u00e1culo &#8220;Rio que passa l\u00e1&#8221; no interior paulista: 16\/03 &#8211; Araraquara, 17\/03 &#8211; Mat\u00e3o, 18\/03 &#8211; It\u00e1polis, 19\/03 &#8211; Catanduva, 23\/03 &#8211; Jales, 24\/03 &#8211; Novo Horizonte, 25\/03 &#8211; Ja\u00fa, 26\/03 &#8211; Len\u00e7\u00f3is Paulista e 27\/03 &#8211; Ourinhos.<\/p>\n<p>Ser\u00e3o 2 apresenta\u00e7\u00f5es em cada cidade, uma pela manh\u00e3 e outra pela tarde, em escolas p\u00fablicas, com exce\u00e7\u00e3o de It\u00e1polis, onde as apresenta\u00e7\u00f5es ser\u00e3o realizadas no Teatro Municipal de It\u00e1polis, e em Jales, no Centro Cultural Dr. El\u00eddio Ridolfo.<\/p>\n<p>As apresenta\u00e7\u00f5es fazem parte de um projeto aprovado pelo ProAc ICMS, com patroc\u00ednio da Syngenta e produ\u00e7\u00e3o da Dire\u00e7\u00e3o Cultura.<\/p>\n<p><a href=\"http:\/\/www.ultimotipo.com.br\/site\/wp-content\/uploads\/2015\/01\/10952079_800413529994260_5476645682369426048_n.jpg\"><img loading=\"lazy\" decoding=\"async\" class=\"alignnone size-medium wp-image-3843\" src=\"http:\/\/www.ultimotipo.com.br\/site\/wp-content\/uploads\/2015\/01\/10952079_800413529994260_5476645682369426048_n-800x533.jpg\" alt=\"10952079_800413529994260_5476645682369426048_n\" width=\"800\" height=\"533\" srcset=\"https:\/\/www.ultimotipo.com.br\/site\/wp-content\/uploads\/2015\/01\/10952079_800413529994260_5476645682369426048_n-800x533.jpg 800w, https:\/\/www.ultimotipo.com.br\/site\/wp-content\/uploads\/2015\/01\/10952079_800413529994260_5476645682369426048_n.jpg 960w\" sizes=\"(max-width: 800px) 100vw, 800px\" \/><\/a><\/p>\n","protected":false},"excerpt":{"rendered":"<p>J\u00e1 sa\u00edram as datas da primeira etapa de circula\u00e7\u00e3o do nosso novo espet\u00e1culo &#8220;Rio que passa l\u00e1&#8221; no interior paulista: 16\/03 &#8211; Araraquara, 17\/03 &#8211; Mat\u00e3o, 18\/03 &#8211; It\u00e1polis, 19\/03 &#8211; Catanduva, 23\/03 &#8211; Jales, 24\/03 &#8211; Novo Horizonte, 25\/03 &#8211; Ja\u00fa, 26\/03 &#8211; Len\u00e7\u00f3is Paulista e 27\/03 &#8211; Ourinhos. Ser\u00e3o 2 apresenta\u00e7\u00f5es em cada cidade, uma pela manh\u00e3 e outra pela tarde, em escolas p\u00fablicas, com exce\u00e7\u00e3o de It\u00e1polis, onde as apresenta\u00e7\u00f5es ser\u00e3o realizadas no Teatro Municipal de It\u00e1polis, &hellip; <a href=\"https:\/\/www.ultimotipo.com.br\/site\/confira-as-datas-nas-cidades-que-serao-banhadas-pelo-rio\/\">Leia Mais <span class=\"meta-nav\"> | +<\/span><\/a><\/p>\n","protected":false},"author":2,"featured_media":3843,"comment_status":"closed","ping_status":"open","sticky":false,"template":"","format":"standard","meta":{"footnotes":""},"categories":[11],"tags":[],"_links":{"self":[{"href":"https:\/\/www.ultimotipo.com.br\/site\/wp-json\/wp\/v2\/posts\/3960"}],"collection":[{"href":"https:\/\/www.ultimotipo.com.br\/site\/wp-json\/wp\/v2\/posts"}],"about":[{"href":"https:\/\/www.ultimotipo.com.br\/site\/wp-json\/wp\/v2\/types\/post"}],"author":[{"embeddable":true,"href":"https:\/\/www.ultimotipo.com.br\/site\/wp-json\/wp\/v2\/users\/2"}],"replies":[{"embeddable":true,"href":"https:\/\/www.ultimotipo.com.br\/site\/wp-json\/wp\/v2\/comments?post=3960"}],"version-history":[{"count":1,"href":"https:\/\/www.ultimotipo.com.br\/site\/wp-json\/wp\/v2\/posts\/3960\/revisions"}],"predecessor-version":[{"id":3961,"href":"https:\/\/www.ultimotipo.com.br\/site\/wp-json\/wp\/v2\/posts\/3960\/revisions\/3961"}],"wp:featuredmedia":[{"embeddable":true,"href":"https:\/\/www.ultimotipo.com.br\/site\/wp-json\/wp\/v2\/media\/3843"}],"wp:attachment":[{"href":"https:\/\/www.ultimotipo.com.br\/site\/wp-json\/wp\/v2\/media?parent=3960"}],"wp:term":[{"taxonomy":"category","embeddable":true,"href":"https:\/\/www.ultimotipo.com.br\/site\/wp-json\/wp\/v2\/categories?post=3960"},{"taxonomy":"post_tag","embeddable":true,"href":"https:\/\/www.ultimotipo.com.br\/site\/wp-json\/wp\/v2\/tags?post=3960"}],"curies":[{"name":"wp","href":"https:\/\/api.w.org\/{rel}","templated":true}]}}