{"id":3968,"date":"2015-03-13T18:49:00","date_gmt":"2015-03-13T18:49:00","guid":{"rendered":"http:\/\/www.ultimotipo.com.br\/site\/?p=3968"},"modified":"2015-03-13T18:49:00","modified_gmt":"2015-03-13T18:49:00","slug":"de-qual-musica-do-treco-voce-gosta-mais","status":"publish","type":"post","link":"https:\/\/www.ultimotipo.com.br\/site\/de-qual-musica-do-treco-voce-gosta-mais\/","title":{"rendered":"De qual m\u00fasica do \u201cTreco\u201d voc\u00ea gosta mais?"},"content":{"rendered":"<p>\u201cMinhoca Dorminhoca\u201d, \u201cLib\u00e9lula\u201d, \u201cSucuri\u201d, \u201cA Pregui\u00e7a\u201d&#8230; S\u00e3o tantas m\u00fasicas divertidas no CD \u201cO Treco da Pata Choca\u201d, que fica dif\u00edcil escolher nossa preferida. Qual a sua?<\/p>\n<p>Mas pera\u00ed. Voc\u00ea j\u00e1 tem o CD? Se n\u00e3o, entra aqui e ouve um pouquinho de cada faixa: <a href=\"https:\/\/soundcloud.com\/ultimo-tipo\/sets\/o-treco-da-pata-choca-amostra\">https:\/\/soundcloud.com\/ultimo-tipo\/sets\/o-treco-da-pata-choca-amostra<\/a>. E depois entra aqui pra comprar o seu: <a href=\"http:\/\/www.kalamata.com.br\/site\/cds\/o-treco-da-pata-choca\/\">http:\/\/www.kalamata.com.br\/site\/cds\/o-treco-da-pata-choca\/<\/a><\/p>\n<p>Quer ouvir ao vivo? Ent\u00e3o venha ao pocket show no dia 28 de mar\u00e7o, \u00e0s 18h, na FNAC do Shopping D. Pedro. L\u00e1 tamb\u00e9m teremos CDs \u00e0 venda. Esperamos por voc\u00ea!<\/p>\n<p>&nbsp;<\/p>\n<p><a href=\"http:\/\/www.ultimotipo.com.br\/site\/wp-content\/uploads\/2015\/03\/O_Treco_da_Pata_Choca_patinho.jpg\"><img loading=\"lazy\" decoding=\"async\" class=\"aligncenter size-medium wp-image-3969\" src=\"http:\/\/www.ultimotipo.com.br\/site\/wp-content\/uploads\/2015\/03\/O_Treco_da_Pata_Choca_patinho-537x800.jpg\" alt=\"O_Treco_da_Pata_Choca_patinho\" width=\"537\" height=\"800\" srcset=\"https:\/\/www.ultimotipo.com.br\/site\/wp-content\/uploads\/2015\/03\/O_Treco_da_Pata_Choca_patinho-537x800.jpg 537w, https:\/\/www.ultimotipo.com.br\/site\/wp-content\/uploads\/2015\/03\/O_Treco_da_Pata_Choca_patinho-688x1024.jpg 688w, https:\/\/www.ultimotipo.com.br\/site\/wp-content\/uploads\/2015\/03\/O_Treco_da_Pata_Choca_patinho.jpg 1375w\" sizes=\"(max-width: 537px) 100vw, 537px\" \/><\/a><\/p>\n","protected":false},"excerpt":{"rendered":"<p>\u201cMinhoca Dorminhoca\u201d, \u201cLib\u00e9lula\u201d, \u201cSucuri\u201d, \u201cA Pregui\u00e7a\u201d&#8230; S\u00e3o tantas m\u00fasicas divertidas no CD \u201cO Treco da Pata Choca\u201d, que fica dif\u00edcil escolher nossa preferida. Qual a sua? Mas pera\u00ed. Voc\u00ea j\u00e1 tem o CD? Se n\u00e3o, entra aqui e ouve um pouquinho de cada faixa: https:\/\/soundcloud.com\/ultimo-tipo\/sets\/o-treco-da-pata-choca-amostra. E depois entra aqui pra comprar o seu: http:\/\/www.kalamata.com.br\/site\/cds\/o-treco-da-pata-choca\/ Quer ouvir ao vivo? Ent\u00e3o venha ao pocket show no dia 28 de mar\u00e7o, \u00e0s 18h, na FNAC do Shopping D. Pedro. L\u00e1 tamb\u00e9m teremos CDs &hellip; <a href=\"https:\/\/www.ultimotipo.com.br\/site\/de-qual-musica-do-treco-voce-gosta-mais\/\">Leia Mais <span class=\"meta-nav\"> | +<\/span><\/a><\/p>\n","protected":false},"author":3,"featured_media":3970,"comment_status":"closed","ping_status":"open","sticky":false,"template":"","format":"standard","meta":{"footnotes":""},"categories":[11],"tags":[],"_links":{"self":[{"href":"https:\/\/www.ultimotipo.com.br\/site\/wp-json\/wp\/v2\/posts\/3968"}],"collection":[{"href":"https:\/\/www.ultimotipo.com.br\/site\/wp-json\/wp\/v2\/posts"}],"about":[{"href":"https:\/\/www.ultimotipo.com.br\/site\/wp-json\/wp\/v2\/types\/post"}],"author":[{"embeddable":true,"href":"https:\/\/www.ultimotipo.com.br\/site\/wp-json\/wp\/v2\/users\/3"}],"replies":[{"embeddable":true,"href":"https:\/\/www.ultimotipo.com.br\/site\/wp-json\/wp\/v2\/comments?post=3968"}],"version-history":[{"count":1,"href":"https:\/\/www.ultimotipo.com.br\/site\/wp-json\/wp\/v2\/posts\/3968\/revisions"}],"predecessor-version":[{"id":3971,"href":"https:\/\/www.ultimotipo.com.br\/site\/wp-json\/wp\/v2\/posts\/3968\/revisions\/3971"}],"wp:featuredmedia":[{"embeddable":true,"href":"https:\/\/www.ultimotipo.com.br\/site\/wp-json\/wp\/v2\/media\/3970"}],"wp:attachment":[{"href":"https:\/\/www.ultimotipo.com.br\/site\/wp-json\/wp\/v2\/media?parent=3968"}],"wp:term":[{"taxonomy":"category","embeddable":true,"href":"https:\/\/www.ultimotipo.com.br\/site\/wp-json\/wp\/v2\/categories?post=3968"},{"taxonomy":"post_tag","embeddable":true,"href":"https:\/\/www.ultimotipo.com.br\/site\/wp-json\/wp\/v2\/tags?post=3968"}],"curies":[{"name":"wp","href":"https:\/\/api.w.org\/{rel}","templated":true}]}}