{"id":3972,"date":"2015-03-16T19:44:03","date_gmt":"2015-03-16T19:44:03","guid":{"rendered":"http:\/\/www.ultimotipo.com.br\/site\/?p=3972"},"modified":"2015-03-16T19:44:03","modified_gmt":"2015-03-16T19:44:03","slug":"comeca-a-nova-jornada","status":"publish","type":"post","link":"https:\/\/www.ultimotipo.com.br\/site\/comeca-a-nova-jornada\/","title":{"rendered":"Come\u00e7a a nova jornada&#8230;"},"content":{"rendered":"<p>Hoje partimos para mais uma jornada pelas cidades do interior de S\u00e3o Paulo com o espet\u00e1culo \u201cRio que passa l\u00e1\u201d. Esta semana, o \u201cRio\u201d corre por Araraquara, Mat\u00e3o, It\u00e1polis e Catanduva, sempre em escolas p\u00fablicas, teatros ou espa\u00e7os culturais. As apresenta\u00e7\u00f5es ocorrem atrav\u00e9s de um projeto aprovado pelo ProAc ICMS, com patroc\u00ednio da Syngenta e produ\u00e7\u00e3o da Dire\u00e7\u00e3o Cultura.<\/p>\n<p>Em breve, divulgaremos as fotos!<\/p>\n<p>&nbsp;<\/p>\n<p><a href=\"http:\/\/www.ultimotipo.com.br\/site\/wp-content\/uploads\/2015\/03\/Rio-Tiet\u00ea-em-Salto.jpg\"><img loading=\"lazy\" decoding=\"async\" class=\"aligncenter size-medium wp-image-3973\" src=\"http:\/\/www.ultimotipo.com.br\/site\/wp-content\/uploads\/2015\/03\/Rio-Tiet\u00ea-em-Salto-768x800.jpg\" alt=\"Rio Tiet\u00ea em Salto\" width=\"768\" height=\"800\" srcset=\"https:\/\/www.ultimotipo.com.br\/site\/wp-content\/uploads\/2015\/03\/Rio-Tiet\u00ea-em-Salto-768x800.jpg 768w, https:\/\/www.ultimotipo.com.br\/site\/wp-content\/uploads\/2015\/03\/Rio-Tiet\u00ea-em-Salto.jpg 921w\" sizes=\"(max-width: 768px) 100vw, 768px\" \/><\/a><\/p>\n","protected":false},"excerpt":{"rendered":"<p>Hoje partimos para mais uma jornada pelas cidades do interior de S\u00e3o Paulo com o espet\u00e1culo \u201cRio que passa l\u00e1\u201d. Esta semana, o \u201cRio\u201d corre por Araraquara, Mat\u00e3o, It\u00e1polis e Catanduva, sempre em escolas p\u00fablicas, teatros ou espa\u00e7os culturais. As apresenta\u00e7\u00f5es ocorrem atrav\u00e9s de um projeto aprovado pelo ProAc ICMS, com patroc\u00ednio da Syngenta e produ\u00e7\u00e3o da Dire\u00e7\u00e3o Cultura. Em breve, divulgaremos as fotos! &nbsp;<\/p>\n","protected":false},"author":3,"featured_media":3973,"comment_status":"closed","ping_status":"open","sticky":false,"template":"","format":"standard","meta":{"footnotes":""},"categories":[11],"tags":[],"_links":{"self":[{"href":"https:\/\/www.ultimotipo.com.br\/site\/wp-json\/wp\/v2\/posts\/3972"}],"collection":[{"href":"https:\/\/www.ultimotipo.com.br\/site\/wp-json\/wp\/v2\/posts"}],"about":[{"href":"https:\/\/www.ultimotipo.com.br\/site\/wp-json\/wp\/v2\/types\/post"}],"author":[{"embeddable":true,"href":"https:\/\/www.ultimotipo.com.br\/site\/wp-json\/wp\/v2\/users\/3"}],"replies":[{"embeddable":true,"href":"https:\/\/www.ultimotipo.com.br\/site\/wp-json\/wp\/v2\/comments?post=3972"}],"version-history":[{"count":1,"href":"https:\/\/www.ultimotipo.com.br\/site\/wp-json\/wp\/v2\/posts\/3972\/revisions"}],"predecessor-version":[{"id":3974,"href":"https:\/\/www.ultimotipo.com.br\/site\/wp-json\/wp\/v2\/posts\/3972\/revisions\/3974"}],"wp:featuredmedia":[{"embeddable":true,"href":"https:\/\/www.ultimotipo.com.br\/site\/wp-json\/wp\/v2\/media\/3973"}],"wp:attachment":[{"href":"https:\/\/www.ultimotipo.com.br\/site\/wp-json\/wp\/v2\/media?parent=3972"}],"wp:term":[{"taxonomy":"category","embeddable":true,"href":"https:\/\/www.ultimotipo.com.br\/site\/wp-json\/wp\/v2\/categories?post=3972"},{"taxonomy":"post_tag","embeddable":true,"href":"https:\/\/www.ultimotipo.com.br\/site\/wp-json\/wp\/v2\/tags?post=3972"}],"curies":[{"name":"wp","href":"https:\/\/api.w.org\/{rel}","templated":true}]}}