{"id":4049,"date":"2015-03-27T14:12:41","date_gmt":"2015-03-27T14:12:41","guid":{"rendered":"http:\/\/www.ultimotipo.com.br\/site\/?p=4049"},"modified":"2015-03-27T14:12:41","modified_gmt":"2015-03-27T14:12:41","slug":"e-amanha-minha-gente-o-treco-na-fnac-campinas","status":"publish","type":"post","link":"https:\/\/www.ultimotipo.com.br\/site\/e-amanha-minha-gente-o-treco-na-fnac-campinas\/","title":{"rendered":"\u00c9 amanh\u00e3, minha gente: &#8220;O Treco&#8221; na Fnac Campinas"},"content":{"rendered":"<p>J\u00e1 ouviu um &#8220;Desafio do Cavalo Marinho e o Cavalo Magrinho&#8221;? <a href=\"http:\/\/migre.me\/pc8pK\">Aqui <\/a>tem uma amostra s\u00f3 pra voc\u00ea ficar com mais vontade de participar do pocket show que faremos amanh\u00e3 (28\/03) na Fnac do Shopping D. Pedro, em Campinas, \u00e0s 18h. Venha ouvir esta e outras m\u00fasicas do CD &#8220;O Treco da Pata Choca&#8221;. A entrada \u00e9 gratuita.<\/p>\n<p>Confirme presen\u00e7a no evento: <a href=\"https:\/\/www.facebook.com\/events\/784931064895304\/\">https:\/\/www.facebook.com\/events\/784931064895304\/<\/a><\/p>\n<p><a href=\"http:\/\/www.ultimotipo.com.br\/site\/wp-content\/uploads\/2013\/08\/o_treco_da_pata_choca_014.jpg\"><img loading=\"lazy\" decoding=\"async\" class=\"alignnone size-medium wp-image-1524\" src=\"http:\/\/www.ultimotipo.com.br\/site\/wp-content\/uploads\/2013\/08\/o_treco_da_pata_choca_014-565x800.jpg\" alt=\"o_treco_da_pata_choca_014.jpg\" width=\"565\" height=\"800\" srcset=\"https:\/\/www.ultimotipo.com.br\/site\/wp-content\/uploads\/2013\/08\/o_treco_da_pata_choca_014-565x800.jpg 565w, https:\/\/www.ultimotipo.com.br\/site\/wp-content\/uploads\/2013\/08\/o_treco_da_pata_choca_014-723x1024.jpg 723w, https:\/\/www.ultimotipo.com.br\/site\/wp-content\/uploads\/2013\/08\/o_treco_da_pata_choca_014.jpg 904w\" sizes=\"(max-width: 565px) 100vw, 565px\" \/><\/a><\/p>\n<p>&nbsp;<\/p>\n","protected":false},"excerpt":{"rendered":"<p>J\u00e1 ouviu um &#8220;Desafio do Cavalo Marinho e o Cavalo Magrinho&#8221;? Aqui tem uma amostra s\u00f3 pra voc\u00ea ficar com mais vontade de participar do pocket show que faremos amanh\u00e3 (28\/03) na Fnac do Shopping D. Pedro, em Campinas, \u00e0s 18h. Venha ouvir esta e outras m\u00fasicas do CD &#8220;O Treco da Pata Choca&#8221;. A entrada \u00e9 gratuita. Confirme presen\u00e7a no evento: https:\/\/www.facebook.com\/events\/784931064895304\/ &nbsp;<\/p>\n","protected":false},"author":2,"featured_media":1522,"comment_status":"closed","ping_status":"open","sticky":false,"template":"","format":"standard","meta":{"footnotes":""},"categories":[11],"tags":[],"_links":{"self":[{"href":"https:\/\/www.ultimotipo.com.br\/site\/wp-json\/wp\/v2\/posts\/4049"}],"collection":[{"href":"https:\/\/www.ultimotipo.com.br\/site\/wp-json\/wp\/v2\/posts"}],"about":[{"href":"https:\/\/www.ultimotipo.com.br\/site\/wp-json\/wp\/v2\/types\/post"}],"author":[{"embeddable":true,"href":"https:\/\/www.ultimotipo.com.br\/site\/wp-json\/wp\/v2\/users\/2"}],"replies":[{"embeddable":true,"href":"https:\/\/www.ultimotipo.com.br\/site\/wp-json\/wp\/v2\/comments?post=4049"}],"version-history":[{"count":1,"href":"https:\/\/www.ultimotipo.com.br\/site\/wp-json\/wp\/v2\/posts\/4049\/revisions"}],"predecessor-version":[{"id":4050,"href":"https:\/\/www.ultimotipo.com.br\/site\/wp-json\/wp\/v2\/posts\/4049\/revisions\/4050"}],"wp:featuredmedia":[{"embeddable":true,"href":"https:\/\/www.ultimotipo.com.br\/site\/wp-json\/wp\/v2\/media\/1522"}],"wp:attachment":[{"href":"https:\/\/www.ultimotipo.com.br\/site\/wp-json\/wp\/v2\/media?parent=4049"}],"wp:term":[{"taxonomy":"category","embeddable":true,"href":"https:\/\/www.ultimotipo.com.br\/site\/wp-json\/wp\/v2\/categories?post=4049"},{"taxonomy":"post_tag","embeddable":true,"href":"https:\/\/www.ultimotipo.com.br\/site\/wp-json\/wp\/v2\/tags?post=4049"}],"curies":[{"name":"wp","href":"https:\/\/api.w.org\/{rel}","templated":true}]}}