{"id":4052,"date":"2015-03-30T18:56:05","date_gmt":"2015-03-30T18:56:05","guid":{"rendered":"http:\/\/www.ultimotipo.com.br\/site\/?p=4052"},"modified":"2015-04-02T18:34:12","modified_gmt":"2015-04-02T18:34:12","slug":"o-show-do-treco-foi-otimo-agradecemos-a-todos","status":"publish","type":"post","link":"https:\/\/www.ultimotipo.com.br\/site\/o-show-do-treco-foi-otimo-agradecemos-a-todos\/","title":{"rendered":"O show do &#8220;Treco&#8221; foi \u00f3timo!"},"content":{"rendered":"<p>Muita gente foi ver o que \u00e9 esse tal de Treco no s\u00e1bado passado (28), na Fnac do Shopping D. Pedro. Agradecemos a participa\u00e7\u00e3o do Marcel Rocha com seu bigode verde, o suporte especial do Marcelo Tanaka e do Dida Tonetti, al\u00e9m de todas as crian\u00e7as e adultos que compareceram no pocket show &#8220;O Treco da Pata Choca&#8221;.<\/p>\n<p><a href=\"http:\/\/www.ultimotipo.com.br\/site\/wp-content\/uploads\/2015\/03\/ut_fnac.jpg\"><img loading=\"lazy\" decoding=\"async\" class=\"alignnone size-medium wp-image-4053\" src=\"http:\/\/www.ultimotipo.com.br\/site\/wp-content\/uploads\/2015\/03\/ut_fnac-800x600.jpg\" alt=\"ut_fnac\" width=\"800\" height=\"600\" srcset=\"https:\/\/www.ultimotipo.com.br\/site\/wp-content\/uploads\/2015\/03\/ut_fnac-800x600.jpg 800w, https:\/\/www.ultimotipo.com.br\/site\/wp-content\/uploads\/2015\/03\/ut_fnac.jpg 960w\" sizes=\"(max-width: 800px) 100vw, 800px\" \/><\/a> <a href=\"http:\/\/www.ultimotipo.com.br\/site\/wp-content\/uploads\/2015\/03\/ut_fnac_2.jpg\"><img loading=\"lazy\" decoding=\"async\" class=\"alignnone size-medium wp-image-4054\" src=\"http:\/\/www.ultimotipo.com.br\/site\/wp-content\/uploads\/2015\/03\/ut_fnac_2-450x800.jpg\" alt=\"ut_fnac_2\" width=\"450\" height=\"800\" srcset=\"https:\/\/www.ultimotipo.com.br\/site\/wp-content\/uploads\/2015\/03\/ut_fnac_2-450x800.jpg 450w, https:\/\/www.ultimotipo.com.br\/site\/wp-content\/uploads\/2015\/03\/ut_fnac_2.jpg 540w\" sizes=\"(max-width: 450px) 100vw, 450px\" \/><\/a><\/p>\n","protected":false},"excerpt":{"rendered":"<p>Muita gente foi ver o que \u00e9 esse tal de Treco no s\u00e1bado passado (28), na Fnac do Shopping D. Pedro. Agradecemos a participa\u00e7\u00e3o do Marcel Rocha com seu bigode verde, o suporte especial do Marcelo Tanaka e do Dida Tonetti, al\u00e9m de todas as crian\u00e7as e adultos que compareceram no pocket show &#8220;O Treco da Pata Choca&#8221;.<\/p>\n","protected":false},"author":2,"featured_media":4053,"comment_status":"closed","ping_status":"open","sticky":false,"template":"","format":"standard","meta":{"footnotes":""},"categories":[11],"tags":[],"_links":{"self":[{"href":"https:\/\/www.ultimotipo.com.br\/site\/wp-json\/wp\/v2\/posts\/4052"}],"collection":[{"href":"https:\/\/www.ultimotipo.com.br\/site\/wp-json\/wp\/v2\/posts"}],"about":[{"href":"https:\/\/www.ultimotipo.com.br\/site\/wp-json\/wp\/v2\/types\/post"}],"author":[{"embeddable":true,"href":"https:\/\/www.ultimotipo.com.br\/site\/wp-json\/wp\/v2\/users\/2"}],"replies":[{"embeddable":true,"href":"https:\/\/www.ultimotipo.com.br\/site\/wp-json\/wp\/v2\/comments?post=4052"}],"version-history":[{"count":3,"href":"https:\/\/www.ultimotipo.com.br\/site\/wp-json\/wp\/v2\/posts\/4052\/revisions"}],"predecessor-version":[{"id":4099,"href":"https:\/\/www.ultimotipo.com.br\/site\/wp-json\/wp\/v2\/posts\/4052\/revisions\/4099"}],"wp:featuredmedia":[{"embeddable":true,"href":"https:\/\/www.ultimotipo.com.br\/site\/wp-json\/wp\/v2\/media\/4053"}],"wp:attachment":[{"href":"https:\/\/www.ultimotipo.com.br\/site\/wp-json\/wp\/v2\/media?parent=4052"}],"wp:term":[{"taxonomy":"category","embeddable":true,"href":"https:\/\/www.ultimotipo.com.br\/site\/wp-json\/wp\/v2\/categories?post=4052"},{"taxonomy":"post_tag","embeddable":true,"href":"https:\/\/www.ultimotipo.com.br\/site\/wp-json\/wp\/v2\/tags?post=4052"}],"curies":[{"name":"wp","href":"https:\/\/api.w.org\/{rel}","templated":true}]}}