{"id":4100,"date":"2015-04-06T17:39:35","date_gmt":"2015-04-06T17:39:35","guid":{"rendered":"http:\/\/www.ultimotipo.com.br\/site\/?p=4100"},"modified":"2015-04-06T17:39:35","modified_gmt":"2015-04-06T17:39:35","slug":"despedida-do-cirque-du-chule-neste-sabado","status":"publish","type":"post","link":"https:\/\/www.ultimotipo.com.br\/site\/despedida-do-cirque-du-chule-neste-sabado\/","title":{"rendered":"Despedida do Cirqu\u00e8 du Chul\u00e9, neste s\u00e1bado"},"content":{"rendered":"<p>Depois de 12 anos de montagem, neste s\u00e1bado (11), \u00e0s 20h, faremos a \u00faltima apresenta\u00e7\u00e3o do espet\u00e1culo adulto \u201cCirqu\u00e8 Du Chul\u00e9\u201d, em Santa B\u00e1rbara d\u00b4Oeste.<\/p>\n<p>A sess\u00e3o ocorre atrav\u00e9s de parceria entre a Prefeitura da cidade e o Minist\u00e9rio da Cultura, por meio do Centro Cultural Casa de Joana, de Hortol\u00e2ndia, contemplado pelo edital Funarte de Ocupa\u00e7\u00e3o dos CEUs das Artes (Centros de Artes e Esportes Unificados).<\/p>\n<p>O CEU de Santa B\u00e1rbara fica na rua Argeu Eg\u00eddio dos Santos, 100, Planalto do Sol II. N\u00e3o perca a \u00faltima chance de ver esta linda pe\u00e7a! A entrada \u00e9 franca.<\/p>\n<p>Quer saber mais sobre o espet\u00e1culo? Clica aqui: http:\/\/www.ultimotipo.com.br\/site\/espetaculos\/para-marmanjos\/cirque-du-chule\/<\/p>\n<p>&nbsp;<\/p>\n<p><a href=\"http:\/\/www.ultimotipo.com.br\/site\/wp-content\/uploads\/2013\/08\/cirque_du_chule_006.jpg\"><img loading=\"lazy\" decoding=\"async\" class=\"aligncenter size-medium wp-image-1212\" src=\"http:\/\/www.ultimotipo.com.br\/site\/wp-content\/uploads\/2013\/08\/cirque_du_chule_006-800x781.jpg\" alt=\"cirque_du_chule_006.jpg\" width=\"800\" height=\"781\" \/><\/a><\/p>\n","protected":false},"excerpt":{"rendered":"<p>Depois de 12 anos de montagem, neste s\u00e1bado (11), \u00e0s 20h, faremos a \u00faltima apresenta\u00e7\u00e3o do espet\u00e1culo adulto \u201cCirqu\u00e8 Du Chul\u00e9\u201d, em Santa B\u00e1rbara d\u00b4Oeste. A sess\u00e3o ocorre atrav\u00e9s de parceria entre a Prefeitura da cidade e o Minist\u00e9rio da Cultura, por meio do Centro Cultural Casa de Joana, de Hortol\u00e2ndia, contemplado pelo edital Funarte de Ocupa\u00e7\u00e3o dos CEUs das Artes (Centros de Artes e Esportes Unificados). O CEU de Santa B\u00e1rbara fica na rua Argeu Eg\u00eddio dos Santos, 100, &hellip; <a href=\"https:\/\/www.ultimotipo.com.br\/site\/despedida-do-cirque-du-chule-neste-sabado\/\">Leia Mais <span class=\"meta-nav\"> | +<\/span><\/a><\/p>\n","protected":false},"author":3,"featured_media":1217,"comment_status":"closed","ping_status":"open","sticky":false,"template":"","format":"standard","meta":{"footnotes":""},"categories":[11],"tags":[],"_links":{"self":[{"href":"https:\/\/www.ultimotipo.com.br\/site\/wp-json\/wp\/v2\/posts\/4100"}],"collection":[{"href":"https:\/\/www.ultimotipo.com.br\/site\/wp-json\/wp\/v2\/posts"}],"about":[{"href":"https:\/\/www.ultimotipo.com.br\/site\/wp-json\/wp\/v2\/types\/post"}],"author":[{"embeddable":true,"href":"https:\/\/www.ultimotipo.com.br\/site\/wp-json\/wp\/v2\/users\/3"}],"replies":[{"embeddable":true,"href":"https:\/\/www.ultimotipo.com.br\/site\/wp-json\/wp\/v2\/comments?post=4100"}],"version-history":[{"count":1,"href":"https:\/\/www.ultimotipo.com.br\/site\/wp-json\/wp\/v2\/posts\/4100\/revisions"}],"predecessor-version":[{"id":4101,"href":"https:\/\/www.ultimotipo.com.br\/site\/wp-json\/wp\/v2\/posts\/4100\/revisions\/4101"}],"wp:featuredmedia":[{"embeddable":true,"href":"https:\/\/www.ultimotipo.com.br\/site\/wp-json\/wp\/v2\/media\/1217"}],"wp:attachment":[{"href":"https:\/\/www.ultimotipo.com.br\/site\/wp-json\/wp\/v2\/media?parent=4100"}],"wp:term":[{"taxonomy":"category","embeddable":true,"href":"https:\/\/www.ultimotipo.com.br\/site\/wp-json\/wp\/v2\/categories?post=4100"},{"taxonomy":"post_tag","embeddable":true,"href":"https:\/\/www.ultimotipo.com.br\/site\/wp-json\/wp\/v2\/tags?post=4100"}],"curies":[{"name":"wp","href":"https:\/\/api.w.org\/{rel}","templated":true}]}}