{"id":4109,"date":"2015-04-10T15:12:09","date_gmt":"2015-04-10T15:12:09","guid":{"rendered":"http:\/\/www.ultimotipo.com.br\/site\/?p=4109"},"modified":"2015-04-10T15:13:34","modified_gmt":"2015-04-10T15:13:34","slug":"respeitavel-publico-de-santa-barbara-amanha-tem-cirque-du-chule","status":"publish","type":"post","link":"https:\/\/www.ultimotipo.com.br\/site\/respeitavel-publico-de-santa-barbara-amanha-tem-cirque-du-chule\/","title":{"rendered":"Respeit\u00e1vel p\u00fablico de Santa B\u00e1rbara: amanh\u00e3 tem &#8220;Cirqu\u00e8 du Chul\u00e9&#8221;"},"content":{"rendered":"<p>Senhoras e senhores, temos a honra de convidar a todos para a \u00faltima apresenta\u00e7\u00e3o do espet\u00e1culo adulto \u201cCirqu\u00e8 Du Chul\u00e9\u201d neste s\u00e1bado (11), \u00e0s 20h, no O CEU de Santa B\u00e1rbara d\u00b4Oeste, com entrada franca.<\/p>\n<p>A sess\u00e3o ser\u00e1 realizada atrav\u00e9s da parceria entre a Prefeitura da cidade e o Minist\u00e9rio da Cultura, por meio do Centro Cultural Casa de Joana, de Hortol\u00e2ndia, contemplado pelo edital Funarte de Ocupa\u00e7\u00e3o dos CEUs das Artes (Centros de Artes e Esportes Unificados).<br \/>\nO CEU de Santa B\u00e1rbara fica na rua Argeu Eg\u00eddio dos Santos, 100, Planalto do Sol II.<\/p>\n<p><a href=\"http:\/\/www.ultimotipo.com.br\/site\/wp-content\/uploads\/2013\/08\/cirque_du_chule_009.jpg\"><img loading=\"lazy\" decoding=\"async\" class=\"alignnone size-medium wp-image-1214\" src=\"http:\/\/www.ultimotipo.com.br\/site\/wp-content\/uploads\/2013\/08\/cirque_du_chule_009-800x526.jpg\" alt=\"cirque_du_chule_009.jpg\" width=\"800\" height=\"526\" srcset=\"https:\/\/www.ultimotipo.com.br\/site\/wp-content\/uploads\/2013\/08\/cirque_du_chule_009-800x526.jpg 800w, https:\/\/www.ultimotipo.com.br\/site\/wp-content\/uploads\/2013\/08\/cirque_du_chule_009-1024x674.jpg 1024w, https:\/\/www.ultimotipo.com.br\/site\/wp-content\/uploads\/2013\/08\/cirque_du_chule_009.jpg 1280w\" sizes=\"(max-width: 800px) 100vw, 800px\" \/><\/a><\/p>\n","protected":false},"excerpt":{"rendered":"<p>Senhoras e senhores, temos a honra de convidar a todos para a \u00faltima apresenta\u00e7\u00e3o do espet\u00e1culo adulto \u201cCirqu\u00e8 Du Chul\u00e9\u201d neste s\u00e1bado (11), \u00e0s 20h, no O CEU de Santa B\u00e1rbara d\u00b4Oeste, com entrada franca. A sess\u00e3o ser\u00e1 realizada atrav\u00e9s da parceria entre a Prefeitura da cidade e o Minist\u00e9rio da Cultura, por meio do Centro Cultural Casa de Joana, de Hortol\u00e2ndia, contemplado pelo edital Funarte de Ocupa\u00e7\u00e3o dos CEUs das Artes (Centros de Artes e Esportes Unificados). O CEU &hellip; <a href=\"https:\/\/www.ultimotipo.com.br\/site\/respeitavel-publico-de-santa-barbara-amanha-tem-cirque-du-chule\/\">Leia Mais <span class=\"meta-nav\"> | +<\/span><\/a><\/p>\n","protected":false},"author":2,"featured_media":1214,"comment_status":"closed","ping_status":"open","sticky":false,"template":"","format":"standard","meta":{"footnotes":""},"categories":[11],"tags":[],"_links":{"self":[{"href":"https:\/\/www.ultimotipo.com.br\/site\/wp-json\/wp\/v2\/posts\/4109"}],"collection":[{"href":"https:\/\/www.ultimotipo.com.br\/site\/wp-json\/wp\/v2\/posts"}],"about":[{"href":"https:\/\/www.ultimotipo.com.br\/site\/wp-json\/wp\/v2\/types\/post"}],"author":[{"embeddable":true,"href":"https:\/\/www.ultimotipo.com.br\/site\/wp-json\/wp\/v2\/users\/2"}],"replies":[{"embeddable":true,"href":"https:\/\/www.ultimotipo.com.br\/site\/wp-json\/wp\/v2\/comments?post=4109"}],"version-history":[{"count":5,"href":"https:\/\/www.ultimotipo.com.br\/site\/wp-json\/wp\/v2\/posts\/4109\/revisions"}],"predecessor-version":[{"id":4114,"href":"https:\/\/www.ultimotipo.com.br\/site\/wp-json\/wp\/v2\/posts\/4109\/revisions\/4114"}],"wp:featuredmedia":[{"embeddable":true,"href":"https:\/\/www.ultimotipo.com.br\/site\/wp-json\/wp\/v2\/media\/1214"}],"wp:attachment":[{"href":"https:\/\/www.ultimotipo.com.br\/site\/wp-json\/wp\/v2\/media?parent=4109"}],"wp:term":[{"taxonomy":"category","embeddable":true,"href":"https:\/\/www.ultimotipo.com.br\/site\/wp-json\/wp\/v2\/categories?post=4109"},{"taxonomy":"post_tag","embeddable":true,"href":"https:\/\/www.ultimotipo.com.br\/site\/wp-json\/wp\/v2\/tags?post=4109"}],"curies":[{"name":"wp","href":"https:\/\/api.w.org\/{rel}","templated":true}]}}