{"id":4152,"date":"2015-04-15T19:53:58","date_gmt":"2015-04-15T19:53:58","guid":{"rendered":"http:\/\/www.ultimotipo.com.br\/site\/?p=4152"},"modified":"2015-04-15T19:53:58","modified_gmt":"2015-04-15T19:53:58","slug":"animambembe-pra-animar-a-criancada","status":"publish","type":"post","link":"https:\/\/www.ultimotipo.com.br\/site\/animambembe-pra-animar-a-criancada\/","title":{"rendered":"\u201cAnimambembe\u201d pra animar a crian\u00e7ada"},"content":{"rendered":"<p>Hoje fizemos duas apresenta\u00e7\u00f5es do espet\u00e1culo \u201cAnimambembe para Crian\u00e7as\u201d na CEMEI Nair Valente, no bairro Santa L\u00facia, em Campinas. \u201cO Trenzinho\u201d (Edgar Po\u00e7as), \u201cA Casa\u201d (Toquinho e Vin\u00edcius), \u201cTem gato na Tuba\u201d (Braguinha), \u201cO Monjolo do Seo Lindorfo\u201d (Jara e D\u00e9o), \u201cO Circo\u201d (Batatinha), \u201cQue Barato\u201d (Itamar Assump\u00e7\u00e3o) e \u201cPonta de Areia\u201d (Nascimento e Brant) s\u00e3o algumas das m\u00fasicas que entram neste show irreverente, interativo e muito alegre!<\/p>\n<p>&nbsp;<\/p>\n<p><a href=\"http:\/\/www.ultimotipo.com.br\/site\/wp-content\/uploads\/2015\/04\/Foto-Animambembe-crian\u00e7as.jpg\"><img loading=\"lazy\" decoding=\"async\" class=\"aligncenter size-medium wp-image-4153\" src=\"http:\/\/www.ultimotipo.com.br\/site\/wp-content\/uploads\/2015\/04\/Foto-Animambembe-crian\u00e7as-800x531.jpg\" alt=\"Foto Animambembe crian\u00e7as\" width=\"800\" height=\"531\" srcset=\"https:\/\/www.ultimotipo.com.br\/site\/wp-content\/uploads\/2015\/04\/Foto-Animambembe-crian\u00e7as-800x531.jpg 800w, https:\/\/www.ultimotipo.com.br\/site\/wp-content\/uploads\/2015\/04\/Foto-Animambembe-crian\u00e7as-1024x680.jpg 1024w, https:\/\/www.ultimotipo.com.br\/site\/wp-content\/uploads\/2015\/04\/Foto-Animambembe-crian\u00e7as.jpg 2048w\" sizes=\"(max-width: 800px) 100vw, 800px\" \/><\/a><\/p>\n","protected":false},"excerpt":{"rendered":"<p>Hoje fizemos duas apresenta\u00e7\u00f5es do espet\u00e1culo \u201cAnimambembe para Crian\u00e7as\u201d na CEMEI Nair Valente, no bairro Santa L\u00facia, em Campinas. \u201cO Trenzinho\u201d (Edgar Po\u00e7as), \u201cA Casa\u201d (Toquinho e Vin\u00edcius), \u201cTem gato na Tuba\u201d (Braguinha), \u201cO Monjolo do Seo Lindorfo\u201d (Jara e D\u00e9o), \u201cO Circo\u201d (Batatinha), \u201cQue Barato\u201d (Itamar Assump\u00e7\u00e3o) e \u201cPonta de Areia\u201d (Nascimento e Brant) s\u00e3o algumas das m\u00fasicas que entram neste show irreverente, interativo e muito alegre! &nbsp;<\/p>\n","protected":false},"author":3,"featured_media":4153,"comment_status":"closed","ping_status":"open","sticky":false,"template":"","format":"standard","meta":{"footnotes":""},"categories":[11],"tags":[],"_links":{"self":[{"href":"https:\/\/www.ultimotipo.com.br\/site\/wp-json\/wp\/v2\/posts\/4152"}],"collection":[{"href":"https:\/\/www.ultimotipo.com.br\/site\/wp-json\/wp\/v2\/posts"}],"about":[{"href":"https:\/\/www.ultimotipo.com.br\/site\/wp-json\/wp\/v2\/types\/post"}],"author":[{"embeddable":true,"href":"https:\/\/www.ultimotipo.com.br\/site\/wp-json\/wp\/v2\/users\/3"}],"replies":[{"embeddable":true,"href":"https:\/\/www.ultimotipo.com.br\/site\/wp-json\/wp\/v2\/comments?post=4152"}],"version-history":[{"count":2,"href":"https:\/\/www.ultimotipo.com.br\/site\/wp-json\/wp\/v2\/posts\/4152\/revisions"}],"predecessor-version":[{"id":4155,"href":"https:\/\/www.ultimotipo.com.br\/site\/wp-json\/wp\/v2\/posts\/4152\/revisions\/4155"}],"wp:featuredmedia":[{"embeddable":true,"href":"https:\/\/www.ultimotipo.com.br\/site\/wp-json\/wp\/v2\/media\/4153"}],"wp:attachment":[{"href":"https:\/\/www.ultimotipo.com.br\/site\/wp-json\/wp\/v2\/media?parent=4152"}],"wp:term":[{"taxonomy":"category","embeddable":true,"href":"https:\/\/www.ultimotipo.com.br\/site\/wp-json\/wp\/v2\/categories?post=4152"},{"taxonomy":"post_tag","embeddable":true,"href":"https:\/\/www.ultimotipo.com.br\/site\/wp-json\/wp\/v2\/tags?post=4152"}],"curies":[{"name":"wp","href":"https:\/\/api.w.org\/{rel}","templated":true}]}}