{"id":4156,"date":"2015-04-17T18:45:21","date_gmt":"2015-04-17T18:45:21","guid":{"rendered":"http:\/\/www.ultimotipo.com.br\/site\/?p=4156"},"modified":"2015-04-17T18:45:21","modified_gmt":"2015-04-17T18:45:21","slug":"adao-o-sapo-e-sua-aventura-no-ceu","status":"publish","type":"post","link":"https:\/\/www.ultimotipo.com.br\/site\/adao-o-sapo-e-sua-aventura-no-ceu\/","title":{"rendered":"Ad\u00e3o, o Sapo, e sua aventura no c\u00e9u"},"content":{"rendered":"<p>Hoje fizemos duas apresenta\u00e7\u00f5es do espet\u00e1culo infantil \u201cOutra Festa no C\u00e9u\u201d, na EMEI Bolinha de Mel, no Jd. Eulina, em Campinas. Baseada em \u201cA Festa no C\u00e9u\u201d, esta pe\u00e7a conta a aventura de Ad\u00e3o, o Sapo, para descobrir o porqu\u00ea do desaparecimento de tantos sapos pelo mundo, indo para o c\u00e9u de carona em um foguete.<\/p>\n<p>No repert\u00f3rio musical est\u00e3o, al\u00e9m das can\u00e7\u00f5es originais, composi\u00e7\u00f5es do pr\u00f3prio grupo, de Jackson do Pandeiro, temas folcl\u00f3ricos e um poema musicado de Cec\u00edlia Meireles.<\/p>\n<p>&nbsp;<\/p>\n<p><a href=\"http:\/\/www.ultimotipo.com.br\/site\/wp-content\/uploads\/2015\/04\/sapo-de-foguete.jpg\"><img loading=\"lazy\" decoding=\"async\" class=\"aligncenter size-medium wp-image-4157\" src=\"http:\/\/www.ultimotipo.com.br\/site\/wp-content\/uploads\/2015\/04\/sapo-de-foguete-800x783.jpg\" alt=\"sapo de foguete\" width=\"800\" height=\"783\" srcset=\"https:\/\/www.ultimotipo.com.br\/site\/wp-content\/uploads\/2015\/04\/sapo-de-foguete-800x783.jpg 800w, https:\/\/www.ultimotipo.com.br\/site\/wp-content\/uploads\/2015\/04\/sapo-de-foguete-1024x1003.jpg 1024w, https:\/\/www.ultimotipo.com.br\/site\/wp-content\/uploads\/2015\/04\/sapo-de-foguete-70x70.jpg 70w, https:\/\/www.ultimotipo.com.br\/site\/wp-content\/uploads\/2015\/04\/sapo-de-foguete.jpg 1104w\" sizes=\"(max-width: 800px) 100vw, 800px\" \/><\/a><\/p>\n","protected":false},"excerpt":{"rendered":"<p>Hoje fizemos duas apresenta\u00e7\u00f5es do espet\u00e1culo infantil \u201cOutra Festa no C\u00e9u\u201d, na EMEI Bolinha de Mel, no Jd. Eulina, em Campinas. Baseada em \u201cA Festa no C\u00e9u\u201d, esta pe\u00e7a conta a aventura de Ad\u00e3o, o Sapo, para descobrir o porqu\u00ea do desaparecimento de tantos sapos pelo mundo, indo para o c\u00e9u de carona em um foguete. No repert\u00f3rio musical est\u00e3o, al\u00e9m das can\u00e7\u00f5es originais, composi\u00e7\u00f5es do pr\u00f3prio grupo, de Jackson do Pandeiro, temas folcl\u00f3ricos e um poema musicado de Cec\u00edlia &hellip; <a href=\"https:\/\/www.ultimotipo.com.br\/site\/adao-o-sapo-e-sua-aventura-no-ceu\/\">Leia Mais <span class=\"meta-nav\"> | +<\/span><\/a><\/p>\n","protected":false},"author":3,"featured_media":4157,"comment_status":"closed","ping_status":"open","sticky":false,"template":"","format":"standard","meta":{"footnotes":""},"categories":[11],"tags":[],"_links":{"self":[{"href":"https:\/\/www.ultimotipo.com.br\/site\/wp-json\/wp\/v2\/posts\/4156"}],"collection":[{"href":"https:\/\/www.ultimotipo.com.br\/site\/wp-json\/wp\/v2\/posts"}],"about":[{"href":"https:\/\/www.ultimotipo.com.br\/site\/wp-json\/wp\/v2\/types\/post"}],"author":[{"embeddable":true,"href":"https:\/\/www.ultimotipo.com.br\/site\/wp-json\/wp\/v2\/users\/3"}],"replies":[{"embeddable":true,"href":"https:\/\/www.ultimotipo.com.br\/site\/wp-json\/wp\/v2\/comments?post=4156"}],"version-history":[{"count":1,"href":"https:\/\/www.ultimotipo.com.br\/site\/wp-json\/wp\/v2\/posts\/4156\/revisions"}],"predecessor-version":[{"id":4158,"href":"https:\/\/www.ultimotipo.com.br\/site\/wp-json\/wp\/v2\/posts\/4156\/revisions\/4158"}],"wp:featuredmedia":[{"embeddable":true,"href":"https:\/\/www.ultimotipo.com.br\/site\/wp-json\/wp\/v2\/media\/4157"}],"wp:attachment":[{"href":"https:\/\/www.ultimotipo.com.br\/site\/wp-json\/wp\/v2\/media?parent=4156"}],"wp:term":[{"taxonomy":"category","embeddable":true,"href":"https:\/\/www.ultimotipo.com.br\/site\/wp-json\/wp\/v2\/categories?post=4156"},{"taxonomy":"post_tag","embeddable":true,"href":"https:\/\/www.ultimotipo.com.br\/site\/wp-json\/wp\/v2\/tags?post=4156"}],"curies":[{"name":"wp","href":"https:\/\/api.w.org\/{rel}","templated":true}]}}