{"id":4184,"date":"2015-04-22T17:29:40","date_gmt":"2015-04-22T17:29:40","guid":{"rendered":"http:\/\/www.ultimotipo.com.br\/site\/?p=4184"},"modified":"2015-04-24T17:31:15","modified_gmt":"2015-04-24T17:31:15","slug":"porque-todo-dia-e-dia-de-indio","status":"publish","type":"post","link":"https:\/\/www.ultimotipo.com.br\/site\/porque-todo-dia-e-dia-de-indio\/","title":{"rendered":"Porque todo dia \u00e9 dia de \u00edndio&#8230;"},"content":{"rendered":"<p>\u201c- Os homens civilizados s\u00e3o cegos, n\u00e3o perceberam at\u00e9 hoje que o verdadeiro ouro \u00e9 a \u00e1gua, a lua, o sol, as estrelas, as matas, o canto dos p\u00e1ssaros&#8230; E, quando perderem tudo isso, v\u00e3o perceber que isso era tudo &#8211; disse a \u00edndia.\u201d (do Livro \u201cRio que passa l\u00e1\u201d)<\/p>\n<p>Aqui fica nossa homenagem ao Dia do \u00cdndio, comemorado no \u00faltimo domingo (19). Que possamos aprender sempre com a sabedoria deste povo. E que sua cultura e seu espa\u00e7o sejam preservados. Porque todo dia \u00e9 dia de \u00edndio!<\/p>\n<p>&nbsp;<\/p>\n<p><a href=\"http:\/\/www.ultimotipo.com.br\/site\/wp-content\/uploads\/2015\/04\/AM1_7917-pq.jpg\"><img loading=\"lazy\" decoding=\"async\" class=\"aligncenter size-full wp-image-4190\" src=\"http:\/\/www.ultimotipo.com.br\/site\/wp-content\/uploads\/2015\/04\/AM1_7917-pq.jpg\" alt=\"AM1_7917-pq\" width=\"300\" height=\"450\" \/><\/a><\/p>\n","protected":false},"excerpt":{"rendered":"<p>\u201c- Os homens civilizados s\u00e3o cegos, n\u00e3o perceberam at\u00e9 hoje que o verdadeiro ouro \u00e9 a \u00e1gua, a lua, o sol, as estrelas, as matas, o canto dos p\u00e1ssaros&#8230; E, quando perderem tudo isso, v\u00e3o perceber que isso era tudo &#8211; disse a \u00edndia.\u201d (do Livro \u201cRio que passa l\u00e1\u201d) Aqui fica nossa homenagem ao Dia do \u00cdndio, comemorado no \u00faltimo domingo (19). Que possamos aprender sempre com a sabedoria deste povo. E que sua cultura e seu espa\u00e7o sejam &hellip; <a href=\"https:\/\/www.ultimotipo.com.br\/site\/porque-todo-dia-e-dia-de-indio\/\">Leia Mais <span class=\"meta-nav\"> | +<\/span><\/a><\/p>\n","protected":false},"author":3,"featured_media":4190,"comment_status":"closed","ping_status":"open","sticky":false,"template":"","format":"standard","meta":{"footnotes":""},"categories":[11],"tags":[],"_links":{"self":[{"href":"https:\/\/www.ultimotipo.com.br\/site\/wp-json\/wp\/v2\/posts\/4184"}],"collection":[{"href":"https:\/\/www.ultimotipo.com.br\/site\/wp-json\/wp\/v2\/posts"}],"about":[{"href":"https:\/\/www.ultimotipo.com.br\/site\/wp-json\/wp\/v2\/types\/post"}],"author":[{"embeddable":true,"href":"https:\/\/www.ultimotipo.com.br\/site\/wp-json\/wp\/v2\/users\/3"}],"replies":[{"embeddable":true,"href":"https:\/\/www.ultimotipo.com.br\/site\/wp-json\/wp\/v2\/comments?post=4184"}],"version-history":[{"count":2,"href":"https:\/\/www.ultimotipo.com.br\/site\/wp-json\/wp\/v2\/posts\/4184\/revisions"}],"predecessor-version":[{"id":4192,"href":"https:\/\/www.ultimotipo.com.br\/site\/wp-json\/wp\/v2\/posts\/4184\/revisions\/4192"}],"wp:featuredmedia":[{"embeddable":true,"href":"https:\/\/www.ultimotipo.com.br\/site\/wp-json\/wp\/v2\/media\/4190"}],"wp:attachment":[{"href":"https:\/\/www.ultimotipo.com.br\/site\/wp-json\/wp\/v2\/media?parent=4184"}],"wp:term":[{"taxonomy":"category","embeddable":true,"href":"https:\/\/www.ultimotipo.com.br\/site\/wp-json\/wp\/v2\/categories?post=4184"},{"taxonomy":"post_tag","embeddable":true,"href":"https:\/\/www.ultimotipo.com.br\/site\/wp-json\/wp\/v2\/tags?post=4184"}],"curies":[{"name":"wp","href":"https:\/\/api.w.org\/{rel}","templated":true}]}}