{"id":4186,"date":"2015-04-24T17:48:11","date_gmt":"2015-04-24T17:48:11","guid":{"rendered":"http:\/\/www.ultimotipo.com.br\/site\/?p=4186"},"modified":"2015-04-27T17:56:44","modified_gmt":"2015-04-27T17:56:44","slug":"o-treco-e-o-que-e","status":"publish","type":"post","link":"https:\/\/www.ultimotipo.com.br\/site\/o-treco-e-o-que-e\/","title":{"rendered":"O Treco \u00e9 o que \u00e9&#8230;"},"content":{"rendered":"<p>O Treco \u00e9 o que \u00e9<br \/>\nA crian\u00e7a que ri, \u00e9 o olhar que brilha<br \/>\nO Treco \u00e9 o Treco<br \/>\nE toda alegria que a gente partilha<\/p>\n<p>E assim vamos girando por a\u00ed, levando o espet\u00e1culo \u201cO Treco da Pata Choca\u201d para crian\u00e7as de todos os cantos do pa\u00eds. Por duas semanas, estaremos em Valinhos, atrav\u00e9s do projeto Teatro nas Escolas, da Dire\u00e7\u00e3o Cultura. Confira a agenda completa, com apresenta\u00e7\u00f5es sempre \u00e0s 10h e \u00e0s 14h:<\/p>\n<p>-23\/04 \u2013 EMEB Prof.\u00aa Alice Sulli Nonato<br \/>\n&#8211; 24\/04 \u2013 EMEB Antonio Perseghetti<br \/>\n&#8211; 28\/04 \u2013 EMEB Fanny Moleta<br \/>\n&#8211; 29\/04 \u2013 EMEB Dom Bosco<br \/>\n&#8211; 30\/04 \u2013 EMEB Pe. Leopoldo Petrus V. Liempt<\/p>\n<p>&nbsp;<\/p>\n<p><a href=\"http:\/\/www.ultimotipo.com.br\/site\/wp-content\/uploads\/2015\/04\/P1050799.jpg\"><img loading=\"lazy\" decoding=\"async\" class=\"aligncenter size-medium wp-image-4196\" src=\"http:\/\/www.ultimotipo.com.br\/site\/wp-content\/uploads\/2015\/04\/P1050799-800x450.jpg\" alt=\"P1050799\" width=\"800\" height=\"450\" srcset=\"https:\/\/www.ultimotipo.com.br\/site\/wp-content\/uploads\/2015\/04\/P1050799-800x450.jpg 800w, https:\/\/www.ultimotipo.com.br\/site\/wp-content\/uploads\/2015\/04\/P1050799-1024x575.jpg 1024w\" sizes=\"(max-width: 800px) 100vw, 800px\" \/><\/a><\/p>\n","protected":false},"excerpt":{"rendered":"<p>O Treco \u00e9 o que \u00e9 A crian\u00e7a que ri, \u00e9 o olhar que brilha O Treco \u00e9 o Treco E toda alegria que a gente partilha E assim vamos girando por a\u00ed, levando o espet\u00e1culo \u201cO Treco da Pata Choca\u201d para crian\u00e7as de todos os cantos do pa\u00eds. Por duas semanas, estaremos em Valinhos, atrav\u00e9s do projeto Teatro nas Escolas, da Dire\u00e7\u00e3o Cultura. Confira a agenda completa, com apresenta\u00e7\u00f5es sempre \u00e0s 10h e \u00e0s 14h: -23\/04 \u2013 EMEB Prof.\u00aa &hellip; <a href=\"https:\/\/www.ultimotipo.com.br\/site\/o-treco-e-o-que-e\/\">Leia Mais <span class=\"meta-nav\"> | +<\/span><\/a><\/p>\n","protected":false},"author":3,"featured_media":4196,"comment_status":"closed","ping_status":"open","sticky":false,"template":"","format":"standard","meta":{"footnotes":""},"categories":[11],"tags":[],"_links":{"self":[{"href":"https:\/\/www.ultimotipo.com.br\/site\/wp-json\/wp\/v2\/posts\/4186"}],"collection":[{"href":"https:\/\/www.ultimotipo.com.br\/site\/wp-json\/wp\/v2\/posts"}],"about":[{"href":"https:\/\/www.ultimotipo.com.br\/site\/wp-json\/wp\/v2\/types\/post"}],"author":[{"embeddable":true,"href":"https:\/\/www.ultimotipo.com.br\/site\/wp-json\/wp\/v2\/users\/3"}],"replies":[{"embeddable":true,"href":"https:\/\/www.ultimotipo.com.br\/site\/wp-json\/wp\/v2\/comments?post=4186"}],"version-history":[{"count":2,"href":"https:\/\/www.ultimotipo.com.br\/site\/wp-json\/wp\/v2\/posts\/4186\/revisions"}],"predecessor-version":[{"id":4198,"href":"https:\/\/www.ultimotipo.com.br\/site\/wp-json\/wp\/v2\/posts\/4186\/revisions\/4198"}],"wp:featuredmedia":[{"embeddable":true,"href":"https:\/\/www.ultimotipo.com.br\/site\/wp-json\/wp\/v2\/media\/4196"}],"wp:attachment":[{"href":"https:\/\/www.ultimotipo.com.br\/site\/wp-json\/wp\/v2\/media?parent=4186"}],"wp:term":[{"taxonomy":"category","embeddable":true,"href":"https:\/\/www.ultimotipo.com.br\/site\/wp-json\/wp\/v2\/categories?post=4186"},{"taxonomy":"post_tag","embeddable":true,"href":"https:\/\/www.ultimotipo.com.br\/site\/wp-json\/wp\/v2\/tags?post=4186"}],"curies":[{"name":"wp","href":"https:\/\/api.w.org\/{rel}","templated":true}]}}