{"id":4209,"date":"2015-04-28T18:18:56","date_gmt":"2015-04-28T18:18:56","guid":{"rendered":"http:\/\/www.ultimotipo.com.br\/site\/?p=4209"},"modified":"2015-04-28T18:18:56","modified_gmt":"2015-04-28T18:18:56","slug":"oba-ultimo-tipo-na-radio-brado-de-amanha","status":"publish","type":"post","link":"https:\/\/www.ultimotipo.com.br\/site\/oba-ultimo-tipo-na-radio-brado-de-amanha\/","title":{"rendered":"Oba: \u00daltimo Tipo na \u201cR\u00e1dio Brado\u201d de amanh\u00e3!"},"content":{"rendered":"<p>Amanh\u00e3 ocorre a primeira edi\u00e7\u00e3o da \u201cR\u00e1dio Brado\u201d na Casa S\u00e3o Jorge, a partir das 21h. Organizado por Adriano Dias, o evento ter\u00e1 m\u00fasicas autorais, releituras, lado B, m\u00fasicas estranhas e dan\u00e7antes. Al\u00e9m do \u00daltimo Tipo (Jara Carvalho, D\u00e9o Piti e Lora Brito), participam tamb\u00e9m Allessandro Dias,\u00a0Bruna Volpi,\u00a0Magr\u00e3o Percussionista, Ruan Sp\u00ednola e Marcelo Silveira.<\/p>\n<p>A Casa S\u00e3o Jorge fica na avenida Santa Isabel, 655, Bar\u00e3o Geraldo, em Campinas. O telefone para reservas \u00e9 (19) 32491588. N\u00e3o deixe de prestigiar!<\/p>\n<p>&nbsp;<\/p>\n<p><a href=\"http:\/\/www.ultimotipo.com.br\/site\/wp-content\/uploads\/2015\/04\/R\u00e1dio-Brado.jpg\"><img loading=\"lazy\" decoding=\"async\" class=\"aligncenter size-full wp-image-4210\" src=\"http:\/\/www.ultimotipo.com.br\/site\/wp-content\/uploads\/2015\/04\/R\u00e1dio-Brado.jpg\" alt=\"R\u00e1dio Brado\" width=\"495\" height=\"493\" srcset=\"https:\/\/www.ultimotipo.com.br\/site\/wp-content\/uploads\/2015\/04\/R\u00e1dio-Brado.jpg 495w, https:\/\/www.ultimotipo.com.br\/site\/wp-content\/uploads\/2015\/04\/R\u00e1dio-Brado-150x150.jpg 150w, https:\/\/www.ultimotipo.com.br\/site\/wp-content\/uploads\/2015\/04\/R\u00e1dio-Brado-70x70.jpg 70w\" sizes=\"(max-width: 495px) 100vw, 495px\" \/><\/a><\/p>\n","protected":false},"excerpt":{"rendered":"<p>Amanh\u00e3 ocorre a primeira edi\u00e7\u00e3o da \u201cR\u00e1dio Brado\u201d na Casa S\u00e3o Jorge, a partir das 21h. Organizado por Adriano Dias, o evento ter\u00e1 m\u00fasicas autorais, releituras, lado B, m\u00fasicas estranhas e dan\u00e7antes. Al\u00e9m do \u00daltimo Tipo (Jara Carvalho, D\u00e9o Piti e Lora Brito), participam tamb\u00e9m Allessandro Dias,\u00a0Bruna Volpi,\u00a0Magr\u00e3o Percussionista, Ruan Sp\u00ednola e Marcelo Silveira. A Casa S\u00e3o Jorge fica na avenida Santa Isabel, 655, Bar\u00e3o Geraldo, em Campinas. O telefone para reservas \u00e9 (19) 32491588. N\u00e3o deixe de prestigiar! &nbsp;<\/p>\n","protected":false},"author":3,"featured_media":4210,"comment_status":"closed","ping_status":"open","sticky":false,"template":"","format":"standard","meta":{"footnotes":""},"categories":[11],"tags":[],"_links":{"self":[{"href":"https:\/\/www.ultimotipo.com.br\/site\/wp-json\/wp\/v2\/posts\/4209"}],"collection":[{"href":"https:\/\/www.ultimotipo.com.br\/site\/wp-json\/wp\/v2\/posts"}],"about":[{"href":"https:\/\/www.ultimotipo.com.br\/site\/wp-json\/wp\/v2\/types\/post"}],"author":[{"embeddable":true,"href":"https:\/\/www.ultimotipo.com.br\/site\/wp-json\/wp\/v2\/users\/3"}],"replies":[{"embeddable":true,"href":"https:\/\/www.ultimotipo.com.br\/site\/wp-json\/wp\/v2\/comments?post=4209"}],"version-history":[{"count":2,"href":"https:\/\/www.ultimotipo.com.br\/site\/wp-json\/wp\/v2\/posts\/4209\/revisions"}],"predecessor-version":[{"id":4212,"href":"https:\/\/www.ultimotipo.com.br\/site\/wp-json\/wp\/v2\/posts\/4209\/revisions\/4212"}],"wp:featuredmedia":[{"embeddable":true,"href":"https:\/\/www.ultimotipo.com.br\/site\/wp-json\/wp\/v2\/media\/4210"}],"wp:attachment":[{"href":"https:\/\/www.ultimotipo.com.br\/site\/wp-json\/wp\/v2\/media?parent=4209"}],"wp:term":[{"taxonomy":"category","embeddable":true,"href":"https:\/\/www.ultimotipo.com.br\/site\/wp-json\/wp\/v2\/categories?post=4209"},{"taxonomy":"post_tag","embeddable":true,"href":"https:\/\/www.ultimotipo.com.br\/site\/wp-json\/wp\/v2\/tags?post=4209"}],"curies":[{"name":"wp","href":"https:\/\/api.w.org\/{rel}","templated":true}]}}