{"id":4292,"date":"2015-05-08T16:01:36","date_gmt":"2015-05-08T16:01:36","guid":{"rendered":"http:\/\/www.ultimotipo.com.br\/site\/?p=4292"},"modified":"2015-05-08T16:01:36","modified_gmt":"2015-05-08T16:01:36","slug":"tunel-do-tipo-a-primeira-fita-gravada-e-os-primeiros-fas-de-campinas","status":"publish","type":"post","link":"https:\/\/www.ultimotipo.com.br\/site\/tunel-do-tipo-a-primeira-fita-gravada-e-os-primeiros-fas-de-campinas\/","title":{"rendered":"T\u00fanel do Tipo: a primeira fita gravada e os primeiros f\u00e3s de Campinas"},"content":{"rendered":"<p>D\u00e1 s\u00f3 uma olhada no que nossos f\u00e3s Simone e Fabio t\u00eam guardado a sete chaves: a primeira fita cassete do grupo, produzida em 1994! O casal nos conhece desde que viemos pra Campinas, em 1996, quando toc\u00e1vamos na feira hippie do Centro de Conviv\u00eancia.<\/p>\n<p>A fita tem seis m\u00fasicas, gravadas em 1991 e 1992 no est\u00fadio Marcantes: \u201cMaria Vai&#8230;\u201d (Jara Carvalho\/D\u00e9o Piti), \u201cAlice\u201d (Jara Carvalho\/D\u00e9o Piti), \u201cMagrelinha\u201d (Luiz Melodia), \u201cO Calhambeque\u201d (Roberto\/Erasmo), \u201cVera\u201d (Jara Carvalho\/D\u00e9o Piti), \u201cA Trazida de Volta\u201d (Jara Carvalho\/D\u00e9o Piti).<\/p>\n<p>Na \u00e9poca, foram produzidas artesanalmente apenas 300 c\u00f3pias. Ser\u00e1 que voc\u00ea tamb\u00e9m tem uma em casa?<\/p>\n<p>&nbsp;<\/p>\n<p><a href=\"http:\/\/www.ultimotipo.com.br\/site\/wp-content\/uploads\/2015\/05\/20150503_132414.jpg\"><img loading=\"lazy\" decoding=\"async\" class=\"aligncenter size-medium wp-image-4291\" src=\"http:\/\/www.ultimotipo.com.br\/site\/wp-content\/uploads\/2015\/05\/20150503_132414-800x450.jpg\" alt=\"20150503_132414\" width=\"800\" height=\"450\" srcset=\"https:\/\/www.ultimotipo.com.br\/site\/wp-content\/uploads\/2015\/05\/20150503_132414-800x450.jpg 800w, https:\/\/www.ultimotipo.com.br\/site\/wp-content\/uploads\/2015\/05\/20150503_132414-1024x576.jpg 1024w, https:\/\/www.ultimotipo.com.br\/site\/wp-content\/uploads\/2015\/05\/20150503_132414.jpg 2048w\" sizes=\"(max-width: 800px) 100vw, 800px\" \/><\/a><\/p>\n","protected":false},"excerpt":{"rendered":"<p>D\u00e1 s\u00f3 uma olhada no que nossos f\u00e3s Simone e Fabio t\u00eam guardado a sete chaves: a primeira fita cassete do grupo, produzida em 1994! O casal nos conhece desde que viemos pra Campinas, em 1996, quando toc\u00e1vamos na feira hippie do Centro de Conviv\u00eancia. A fita tem seis m\u00fasicas, gravadas em 1991 e 1992 no est\u00fadio Marcantes: \u201cMaria Vai&#8230;\u201d (Jara Carvalho\/D\u00e9o Piti), \u201cAlice\u201d (Jara Carvalho\/D\u00e9o Piti), \u201cMagrelinha\u201d (Luiz Melodia), \u201cO Calhambeque\u201d (Roberto\/Erasmo), \u201cVera\u201d (Jara Carvalho\/D\u00e9o Piti), \u201cA Trazida de &hellip; <a href=\"https:\/\/www.ultimotipo.com.br\/site\/tunel-do-tipo-a-primeira-fita-gravada-e-os-primeiros-fas-de-campinas\/\">Leia Mais <span class=\"meta-nav\"> | +<\/span><\/a><\/p>\n","protected":false},"author":3,"featured_media":4291,"comment_status":"closed","ping_status":"open","sticky":false,"template":"","format":"standard","meta":{"footnotes":""},"categories":[11],"tags":[],"_links":{"self":[{"href":"https:\/\/www.ultimotipo.com.br\/site\/wp-json\/wp\/v2\/posts\/4292"}],"collection":[{"href":"https:\/\/www.ultimotipo.com.br\/site\/wp-json\/wp\/v2\/posts"}],"about":[{"href":"https:\/\/www.ultimotipo.com.br\/site\/wp-json\/wp\/v2\/types\/post"}],"author":[{"embeddable":true,"href":"https:\/\/www.ultimotipo.com.br\/site\/wp-json\/wp\/v2\/users\/3"}],"replies":[{"embeddable":true,"href":"https:\/\/www.ultimotipo.com.br\/site\/wp-json\/wp\/v2\/comments?post=4292"}],"version-history":[{"count":1,"href":"https:\/\/www.ultimotipo.com.br\/site\/wp-json\/wp\/v2\/posts\/4292\/revisions"}],"predecessor-version":[{"id":4293,"href":"https:\/\/www.ultimotipo.com.br\/site\/wp-json\/wp\/v2\/posts\/4292\/revisions\/4293"}],"wp:featuredmedia":[{"embeddable":true,"href":"https:\/\/www.ultimotipo.com.br\/site\/wp-json\/wp\/v2\/media\/4291"}],"wp:attachment":[{"href":"https:\/\/www.ultimotipo.com.br\/site\/wp-json\/wp\/v2\/media?parent=4292"}],"wp:term":[{"taxonomy":"category","embeddable":true,"href":"https:\/\/www.ultimotipo.com.br\/site\/wp-json\/wp\/v2\/categories?post=4292"},{"taxonomy":"post_tag","embeddable":true,"href":"https:\/\/www.ultimotipo.com.br\/site\/wp-json\/wp\/v2\/tags?post=4292"}],"curies":[{"name":"wp","href":"https:\/\/api.w.org\/{rel}","templated":true}]}}