{"id":4298,"date":"2015-05-13T18:49:54","date_gmt":"2015-05-13T18:49:54","guid":{"rendered":"http:\/\/www.ultimotipo.com.br\/site\/?p=4298"},"modified":"2015-05-15T18:03:57","modified_gmt":"2015-05-15T18:03:57","slug":"circo-de-latao-a-historia-da-menina-que-queria-ir-embora-com-o-circo","status":"publish","type":"post","link":"https:\/\/www.ultimotipo.com.br\/site\/circo-de-latao-a-historia-da-menina-que-queria-ir-embora-com-o-circo\/","title":{"rendered":"\u201cCirco de Lat\u00e3o\u201d: a hist\u00f3ria da menina que queria ir embora com o circo"},"content":{"rendered":"<p>Uma menina de uma pequena cidade do interior se surpreende com a chegada de um circo. Encantada com o acontecimento, ela se aproxima da Cantora, do Cara Bem Legal que Fazia de Tudo um Pouco, e do Palha\u00e7o. Passa a encher dois lat\u00f5es de \u00e1gua que abastecem o circo e, assim, recebe ingressos para assistir aos espet\u00e1culos.<\/p>\n<p>Assim come\u00e7a essa pe\u00e7a que, mais uma vez, \u00e9 baseada em uma hist\u00f3ria real, j\u00e1 que conta a fant\u00e1stica experi\u00eancia da Velu e do D\u00e9o em sua inf\u00e2ncia em Itau\u00e7u (GO). A passagem desse circo pela cidade despertou nos dois a vontade de ser artista.<\/p>\n<p>Nessa sexta (15), faremos duas apresenta\u00e7\u00f5es desse espet\u00e1culo na CEMEI Sylvia Paschoal, na Vila das Palmeiras, em Campinas, em comemora\u00e7\u00e3o ao anivers\u00e1rio da unidade.<\/p>\n<p>&nbsp;<\/p>\n<p><a href=\"http:\/\/www.ultimotipo.com.br\/site\/wp-content\/uploads\/2015\/05\/circo-de-lat-\u00fao-2.jpg\"><img loading=\"lazy\" decoding=\"async\" class=\"aligncenter size-medium wp-image-4299\" src=\"http:\/\/www.ultimotipo.com.br\/site\/wp-content\/uploads\/2015\/05\/circo-de-lat-\u00fao-2-533x800.jpg\" alt=\"circo de lat+\u00fao 2\" width=\"533\" height=\"800\" srcset=\"https:\/\/www.ultimotipo.com.br\/site\/wp-content\/uploads\/2015\/05\/circo-de-lat-\u00fao-2-533x800.jpg 533w, https:\/\/www.ultimotipo.com.br\/site\/wp-content\/uploads\/2015\/05\/circo-de-lat-\u00fao-2-682x1024.jpg 682w, https:\/\/www.ultimotipo.com.br\/site\/wp-content\/uploads\/2015\/05\/circo-de-lat-\u00fao-2.jpg 1181w\" sizes=\"(max-width: 533px) 100vw, 533px\" \/><\/a><\/p>\n","protected":false},"excerpt":{"rendered":"<p>Uma menina de uma pequena cidade do interior se surpreende com a chegada de um circo. Encantada com o acontecimento, ela se aproxima da Cantora, do Cara Bem Legal que Fazia de Tudo um Pouco, e do Palha\u00e7o. Passa a encher dois lat\u00f5es de \u00e1gua que abastecem o circo e, assim, recebe ingressos para assistir aos espet\u00e1culos. Assim come\u00e7a essa pe\u00e7a que, mais uma vez, \u00e9 baseada em uma hist\u00f3ria real, j\u00e1 que conta a fant\u00e1stica experi\u00eancia da Velu e &hellip; <a href=\"https:\/\/www.ultimotipo.com.br\/site\/circo-de-latao-a-historia-da-menina-que-queria-ir-embora-com-o-circo\/\">Leia Mais <span class=\"meta-nav\"> | +<\/span><\/a><\/p>\n","protected":false},"author":3,"featured_media":1175,"comment_status":"closed","ping_status":"open","sticky":false,"template":"","format":"standard","meta":{"footnotes":""},"categories":[11],"tags":[],"_links":{"self":[{"href":"https:\/\/www.ultimotipo.com.br\/site\/wp-json\/wp\/v2\/posts\/4298"}],"collection":[{"href":"https:\/\/www.ultimotipo.com.br\/site\/wp-json\/wp\/v2\/posts"}],"about":[{"href":"https:\/\/www.ultimotipo.com.br\/site\/wp-json\/wp\/v2\/types\/post"}],"author":[{"embeddable":true,"href":"https:\/\/www.ultimotipo.com.br\/site\/wp-json\/wp\/v2\/users\/3"}],"replies":[{"embeddable":true,"href":"https:\/\/www.ultimotipo.com.br\/site\/wp-json\/wp\/v2\/comments?post=4298"}],"version-history":[{"count":1,"href":"https:\/\/www.ultimotipo.com.br\/site\/wp-json\/wp\/v2\/posts\/4298\/revisions"}],"predecessor-version":[{"id":4300,"href":"https:\/\/www.ultimotipo.com.br\/site\/wp-json\/wp\/v2\/posts\/4298\/revisions\/4300"}],"wp:featuredmedia":[{"embeddable":true,"href":"https:\/\/www.ultimotipo.com.br\/site\/wp-json\/wp\/v2\/media\/1175"}],"wp:attachment":[{"href":"https:\/\/www.ultimotipo.com.br\/site\/wp-json\/wp\/v2\/media?parent=4298"}],"wp:term":[{"taxonomy":"category","embeddable":true,"href":"https:\/\/www.ultimotipo.com.br\/site\/wp-json\/wp\/v2\/categories?post=4298"},{"taxonomy":"post_tag","embeddable":true,"href":"https:\/\/www.ultimotipo.com.br\/site\/wp-json\/wp\/v2\/tags?post=4298"}],"curies":[{"name":"wp","href":"https:\/\/api.w.org\/{rel}","templated":true}]}}