{"id":4318,"date":"2015-05-15T18:00:15","date_gmt":"2015-05-15T18:00:15","guid":{"rendered":"http:\/\/www.ultimotipo.com.br\/site\/?p=4318"},"modified":"2015-05-18T18:59:30","modified_gmt":"2015-05-18T18:59:30","slug":"com-o-pe-na-estrada-de-novo-quer-dizer-nas-aguas-do-rio-tiete","status":"publish","type":"post","link":"https:\/\/www.ultimotipo.com.br\/site\/com-o-pe-na-estrada-de-novo-quer-dizer-nas-aguas-do-rio-tiete\/","title":{"rendered":"Com o p\u00e9 na estrada de novo, quer dizer, nas \u00e1guas do rio Tiet\u00ea&#8230;"},"content":{"rendered":"<p>Na semana que vem, voltamos a viajar pelo estado de S\u00e3o Paulo com o espet\u00e1culo \u201cRio que passa l\u00e1\u201d, atrav\u00e9s do ProAc ICMS, patrocinado por Cocipa Inubia Paulista e Syngenta e produzido pela Dire\u00e7\u00e3o Cultura. D\u00e1 uma olhada na agenda e veja se sua cidade ser\u00e1 contemplada. As apresenta\u00e7\u00f5es ocorrem \u00e0s 10h e \u00e0s 14h, para crian\u00e7as de escolas p\u00fablicas.<\/p>\n<p>&#8211; 18\/05 \u2013 EMEF Inubia Paulista \u2013 Inubia Paulista<\/p>\n<p>&#8211; 19\/05 \u2013 EMEB Milttos Braga \u2013 Jaboticabal<\/p>\n<p>&#8211; 20\/05 \u2013 Teatro Municipal de Monte Alto \u2013 Monte Alto<\/p>\n<p>&#8211; 21\/05 \u2013 EMEF Dr. Faustino Jarruche \u2013 Ribeir\u00e3o Preto<\/p>\n<p>&#8211; 22\/05 \u2013 EMEF Maria Neli &#8211; Sert\u00e3ozinho<\/p>\n<p>&nbsp;<\/p>\n<p><a href=\"http:\/\/www.ultimotipo.com.br\/site\/wp-content\/uploads\/2015\/05\/AM1_7605.jpg\"><img loading=\"lazy\" decoding=\"async\" class=\"aligncenter size-medium wp-image-4319\" src=\"http:\/\/www.ultimotipo.com.br\/site\/wp-content\/uploads\/2015\/05\/AM1_7605-533x800.jpg\" alt=\"AM1_7605\" width=\"533\" height=\"800\" srcset=\"https:\/\/www.ultimotipo.com.br\/site\/wp-content\/uploads\/2015\/05\/AM1_7605-533x800.jpg 533w, https:\/\/www.ultimotipo.com.br\/site\/wp-content\/uploads\/2015\/05\/AM1_7605-683x1024.jpg 683w, https:\/\/www.ultimotipo.com.br\/site\/wp-content\/uploads\/2015\/05\/AM1_7605.jpg 1134w\" sizes=\"(max-width: 533px) 100vw, 533px\" \/><\/a><\/p>\n","protected":false},"excerpt":{"rendered":"<p>Na semana que vem, voltamos a viajar pelo estado de S\u00e3o Paulo com o espet\u00e1culo \u201cRio que passa l\u00e1\u201d, atrav\u00e9s do ProAc ICMS, patrocinado por Cocipa Inubia Paulista e Syngenta e produzido pela Dire\u00e7\u00e3o Cultura. D\u00e1 uma olhada na agenda e veja se sua cidade ser\u00e1 contemplada. As apresenta\u00e7\u00f5es ocorrem \u00e0s 10h e \u00e0s 14h, para crian\u00e7as de escolas p\u00fablicas. &#8211; 18\/05 \u2013 EMEF Inubia Paulista \u2013 Inubia Paulista &#8211; 19\/05 \u2013 EMEB Milttos Braga \u2013 Jaboticabal &#8211; 20\/05 \u2013 &hellip; <a href=\"https:\/\/www.ultimotipo.com.br\/site\/com-o-pe-na-estrada-de-novo-quer-dizer-nas-aguas-do-rio-tiete\/\">Leia Mais <span class=\"meta-nav\"> | +<\/span><\/a><\/p>\n","protected":false},"author":3,"featured_media":3973,"comment_status":"closed","ping_status":"open","sticky":false,"template":"","format":"standard","meta":{"footnotes":""},"categories":[11],"tags":[],"_links":{"self":[{"href":"https:\/\/www.ultimotipo.com.br\/site\/wp-json\/wp\/v2\/posts\/4318"}],"collection":[{"href":"https:\/\/www.ultimotipo.com.br\/site\/wp-json\/wp\/v2\/posts"}],"about":[{"href":"https:\/\/www.ultimotipo.com.br\/site\/wp-json\/wp\/v2\/types\/post"}],"author":[{"embeddable":true,"href":"https:\/\/www.ultimotipo.com.br\/site\/wp-json\/wp\/v2\/users\/3"}],"replies":[{"embeddable":true,"href":"https:\/\/www.ultimotipo.com.br\/site\/wp-json\/wp\/v2\/comments?post=4318"}],"version-history":[{"count":3,"href":"https:\/\/www.ultimotipo.com.br\/site\/wp-json\/wp\/v2\/posts\/4318\/revisions"}],"predecessor-version":[{"id":4326,"href":"https:\/\/www.ultimotipo.com.br\/site\/wp-json\/wp\/v2\/posts\/4318\/revisions\/4326"}],"wp:featuredmedia":[{"embeddable":true,"href":"https:\/\/www.ultimotipo.com.br\/site\/wp-json\/wp\/v2\/media\/3973"}],"wp:attachment":[{"href":"https:\/\/www.ultimotipo.com.br\/site\/wp-json\/wp\/v2\/media?parent=4318"}],"wp:term":[{"taxonomy":"category","embeddable":true,"href":"https:\/\/www.ultimotipo.com.br\/site\/wp-json\/wp\/v2\/categories?post=4318"},{"taxonomy":"post_tag","embeddable":true,"href":"https:\/\/www.ultimotipo.com.br\/site\/wp-json\/wp\/v2\/tags?post=4318"}],"curies":[{"name":"wp","href":"https:\/\/api.w.org\/{rel}","templated":true}]}}