{"id":4381,"date":"2015-05-27T18:36:21","date_gmt":"2015-05-27T18:36:21","guid":{"rendered":"http:\/\/www.ultimotipo.com.br\/site\/?p=4381"},"modified":"2015-05-27T18:36:21","modified_gmt":"2015-05-27T18:36:21","slug":"nas-curvas-do-rio","status":"publish","type":"post","link":"https:\/\/www.ultimotipo.com.br\/site\/nas-curvas-do-rio\/","title":{"rendered":"Nas curvas do \u201cRio\u201d&#8230;"},"content":{"rendered":"<p>De curva em curva pelas estradas de S\u00e3o Paulo, continuamos nossa jornada com o espet\u00e1culo \u201cRio que passa l\u00e1\u201d. As apresenta\u00e7\u00f5es ocorrem atrav\u00e9s do ProAc ICMS, com patroc\u00ednio da Syngenta e apoio da Coplacana e Copercitrus, e produ\u00e7\u00e3o da Dire\u00e7\u00e3o Cultura. D\u00e1 uma olhada na agenda e veja se sua cidade tamb\u00e9m ser\u00e1 banhada pelo rio Tiet\u00ea. S\u00e3o duas sess\u00f5es por dia, \u00e0s 10h e \u00e0s 14h, para crian\u00e7as de escolas p\u00fablicas.<\/p>\n<p>&nbsp;<\/p>\n<p>&#8211; 25\/05 \u2013 Pitangueiras \u2013 EM Dirce da Silva Dias<\/p>\n<p>&#8211; 26\/05 \u2013 Morro Agudo \u2013 Escola Dely Guarnieri P. de Oliveira<\/p>\n<p>&#8211; 27\/05 \u2013 S\u00e3o Joaquim da Barra \u2013 EE Silvyo Torquato Junqueira<\/p>\n<p>&#8211; 28\/05 \u2013 Ituverava \u2013 Centro Cultural da cidade<\/p>\n<p>&#8211; 29\/05 \u2013 Gua\u00edra \u2013 EMEF Vicencina Ap. V. Monsoleto<\/p>\n<p>&#8211; 01\/06 \u2013 Olimpia \u2013 EMEB Zenaide Rugai<\/p>\n<p>&#8211; 02\/06 \u2013 S\u00e3o Jos\u00e9 do Rio Preto \u2013 EM Cyrino Vaz de Lima<\/p>\n<p>&#8211; 03\/06 \u2013 Bebedouro \u2013 Teatro Municipal da cidade<\/p>\n<p>&nbsp;<\/p>\n<p><a href=\"http:\/\/www.ultimotipo.com.br\/site\/wp-content\/uploads\/2015\/05\/11061207_458918447607415_8578554308102489172_n.jpg\"><img loading=\"lazy\" decoding=\"async\" class=\"aligncenter size-medium wp-image-4335\" src=\"http:\/\/www.ultimotipo.com.br\/site\/wp-content\/uploads\/2015\/05\/11061207_458918447607415_8578554308102489172_n-587x800.jpg\" alt=\"11061207_458918447607415_8578554308102489172_n\" width=\"587\" height=\"800\" srcset=\"https:\/\/www.ultimotipo.com.br\/site\/wp-content\/uploads\/2015\/05\/11061207_458918447607415_8578554308102489172_n-587x800.jpg 587w, https:\/\/www.ultimotipo.com.br\/site\/wp-content\/uploads\/2015\/05\/11061207_458918447607415_8578554308102489172_n.jpg 704w\" sizes=\"(max-width: 587px) 100vw, 587px\" \/><\/a><\/p>\n","protected":false},"excerpt":{"rendered":"<p>De curva em curva pelas estradas de S\u00e3o Paulo, continuamos nossa jornada com o espet\u00e1culo \u201cRio que passa l\u00e1\u201d. As apresenta\u00e7\u00f5es ocorrem atrav\u00e9s do ProAc ICMS, com patroc\u00ednio da Syngenta e apoio da Coplacana e Copercitrus, e produ\u00e7\u00e3o da Dire\u00e7\u00e3o Cultura. D\u00e1 uma olhada na agenda e veja se sua cidade tamb\u00e9m ser\u00e1 banhada pelo rio Tiet\u00ea. S\u00e3o duas sess\u00f5es por dia, \u00e0s 10h e \u00e0s 14h, para crian\u00e7as de escolas p\u00fablicas. &nbsp; &#8211; 25\/05 \u2013 Pitangueiras \u2013 EM Dirce &hellip; <a href=\"https:\/\/www.ultimotipo.com.br\/site\/nas-curvas-do-rio\/\">Leia Mais <span class=\"meta-nav\"> | +<\/span><\/a><\/p>\n","protected":false},"author":3,"featured_media":4335,"comment_status":"closed","ping_status":"open","sticky":false,"template":"","format":"standard","meta":{"footnotes":""},"categories":[11],"tags":[],"_links":{"self":[{"href":"https:\/\/www.ultimotipo.com.br\/site\/wp-json\/wp\/v2\/posts\/4381"}],"collection":[{"href":"https:\/\/www.ultimotipo.com.br\/site\/wp-json\/wp\/v2\/posts"}],"about":[{"href":"https:\/\/www.ultimotipo.com.br\/site\/wp-json\/wp\/v2\/types\/post"}],"author":[{"embeddable":true,"href":"https:\/\/www.ultimotipo.com.br\/site\/wp-json\/wp\/v2\/users\/3"}],"replies":[{"embeddable":true,"href":"https:\/\/www.ultimotipo.com.br\/site\/wp-json\/wp\/v2\/comments?post=4381"}],"version-history":[{"count":2,"href":"https:\/\/www.ultimotipo.com.br\/site\/wp-json\/wp\/v2\/posts\/4381\/revisions"}],"predecessor-version":[{"id":4383,"href":"https:\/\/www.ultimotipo.com.br\/site\/wp-json\/wp\/v2\/posts\/4381\/revisions\/4383"}],"wp:featuredmedia":[{"embeddable":true,"href":"https:\/\/www.ultimotipo.com.br\/site\/wp-json\/wp\/v2\/media\/4335"}],"wp:attachment":[{"href":"https:\/\/www.ultimotipo.com.br\/site\/wp-json\/wp\/v2\/media?parent=4381"}],"wp:term":[{"taxonomy":"category","embeddable":true,"href":"https:\/\/www.ultimotipo.com.br\/site\/wp-json\/wp\/v2\/categories?post=4381"},{"taxonomy":"post_tag","embeddable":true,"href":"https:\/\/www.ultimotipo.com.br\/site\/wp-json\/wp\/v2\/tags?post=4381"}],"curies":[{"name":"wp","href":"https:\/\/api.w.org\/{rel}","templated":true}]}}