{"id":4385,"date":"2015-06-01T19:22:57","date_gmt":"2015-06-01T19:22:57","guid":{"rendered":"http:\/\/www.ultimotipo.com.br\/site\/?p=4385"},"modified":"2015-06-01T19:34:12","modified_gmt":"2015-06-01T19:34:12","slug":"tunel-do-tipo-musica-vera","status":"publish","type":"post","link":"https:\/\/www.ultimotipo.com.br\/site\/tunel-do-tipo-musica-vera\/","title":{"rendered":"T\u00fanel do Tipo: m\u00fasica \u201cVera\u201d"},"content":{"rendered":"<p style=\"line-height: 14.5pt; background: white; margin: 0cm 0cm 4.5pt 0cm;\"><span style=\"font-family: 'Arial','sans-serif'; color: #141823;\">Aqui vai mais uma m\u00fasica gravada na primeira fita cassete do grupo, produzida em 1994: \u201cVera\u201d, de Jara Carvalho e D\u00e9o Piti. Essa m\u00fasica tamb\u00e9m entrou em nosso primeiro CD. D\u00e1 uma escutada:<\/span><\/p>\n<p style=\"line-height: 14.5pt; background: white; margin: 0cm 0cm 4.5pt 0cm;\">\n<p><iframe loading=\"lazy\" title=\"Vera by \u00daltimo Tipo\" width=\"580\" height=\"400\" scrolling=\"no\" frameborder=\"no\" src=\"https:\/\/w.soundcloud.com\/player\/?visual=true&#038;url=https%3A%2F%2Fapi.soundcloud.com%2Ftracks%2F98713401&#038;show_artwork=true&#038;maxheight=870&#038;maxwidth=580\"><\/iframe><\/p>\n<p>&nbsp;<\/p>\n","protected":false},"excerpt":{"rendered":"<p>Aqui vai mais uma m\u00fasica gravada na primeira fita cassete do grupo, produzida em 1994: \u201cVera\u201d, de Jara Carvalho e D\u00e9o Piti. Essa m\u00fasica tamb\u00e9m entrou em nosso primeiro CD. D\u00e1 uma escutada: &nbsp;<\/p>\n","protected":false},"author":3,"featured_media":1116,"comment_status":"closed","ping_status":"open","sticky":false,"template":"","format":"standard","meta":{"footnotes":""},"categories":[11],"tags":[],"_links":{"self":[{"href":"https:\/\/www.ultimotipo.com.br\/site\/wp-json\/wp\/v2\/posts\/4385"}],"collection":[{"href":"https:\/\/www.ultimotipo.com.br\/site\/wp-json\/wp\/v2\/posts"}],"about":[{"href":"https:\/\/www.ultimotipo.com.br\/site\/wp-json\/wp\/v2\/types\/post"}],"author":[{"embeddable":true,"href":"https:\/\/www.ultimotipo.com.br\/site\/wp-json\/wp\/v2\/users\/3"}],"replies":[{"embeddable":true,"href":"https:\/\/www.ultimotipo.com.br\/site\/wp-json\/wp\/v2\/comments?post=4385"}],"version-history":[{"count":4,"href":"https:\/\/www.ultimotipo.com.br\/site\/wp-json\/wp\/v2\/posts\/4385\/revisions"}],"predecessor-version":[{"id":4389,"href":"https:\/\/www.ultimotipo.com.br\/site\/wp-json\/wp\/v2\/posts\/4385\/revisions\/4389"}],"wp:featuredmedia":[{"embeddable":true,"href":"https:\/\/www.ultimotipo.com.br\/site\/wp-json\/wp\/v2\/media\/1116"}],"wp:attachment":[{"href":"https:\/\/www.ultimotipo.com.br\/site\/wp-json\/wp\/v2\/media?parent=4385"}],"wp:term":[{"taxonomy":"category","embeddable":true,"href":"https:\/\/www.ultimotipo.com.br\/site\/wp-json\/wp\/v2\/categories?post=4385"},{"taxonomy":"post_tag","embeddable":true,"href":"https:\/\/www.ultimotipo.com.br\/site\/wp-json\/wp\/v2\/tags?post=4385"}],"curies":[{"name":"wp","href":"https:\/\/api.w.org\/{rel}","templated":true}]}}