{"id":4460,"date":"2015-06-19T17:57:04","date_gmt":"2015-06-19T17:57:04","guid":{"rendered":"http:\/\/www.ultimotipo.com.br\/site\/?p=4460"},"modified":"2015-06-19T17:57:04","modified_gmt":"2015-06-19T17:57:04","slug":"ta-em-goiania-entao-ajuda-a-gente-a-encontrar-o-ovo-da-pata","status":"publish","type":"post","link":"https:\/\/www.ultimotipo.com.br\/site\/ta-em-goiania-entao-ajuda-a-gente-a-encontrar-o-ovo-da-pata\/","title":{"rendered":"T\u00e1 em Goi\u00e2nia? Ent\u00e3o ajuda a gente a encontrar o ovo da pata!"},"content":{"rendered":"<p>N\u00e3o \u00e9 que a Pata Choca perdeu seu ovo de novo? E dessa vez em Goi\u00e2nia. Vem ajudar a gente a encontr\u00e1-lo, neste espet\u00e1culo que \u00e9 pura divers\u00e3o, com muita m\u00fasica boa e uma hist\u00f3ria pra ensinar a cuidar da natureza.<\/p>\n<p>Domingo (21), \u00e0s 17h, tem apresenta\u00e7\u00e3o da pe\u00e7a infantil \u201cO Treco da Pata Choca\u201d no Sesc Centro. N\u00e3o perca mais essa chance de nos ver, que logo estaremos voltando pra Campinas&#8230;<\/p>\n<p>&nbsp;<\/p>\n<p><a href=\"http:\/\/www.ultimotipo.com.br\/site\/wp-content\/uploads\/2015\/06\/11358869_10204204702982532_838842502_n.jpg\"><img loading=\"lazy\" decoding=\"async\" class=\"aligncenter size-medium wp-image-4452\" src=\"http:\/\/www.ultimotipo.com.br\/site\/wp-content\/uploads\/2015\/06\/11358869_10204204702982532_838842502_n-800x554.jpg\" alt=\"11358869_10204204702982532_838842502_n\" width=\"800\" height=\"554\" srcset=\"https:\/\/www.ultimotipo.com.br\/site\/wp-content\/uploads\/2015\/06\/11358869_10204204702982532_838842502_n-800x554.jpg 800w, https:\/\/www.ultimotipo.com.br\/site\/wp-content\/uploads\/2015\/06\/11358869_10204204702982532_838842502_n.jpg 960w\" sizes=\"(max-width: 800px) 100vw, 800px\" \/><\/a><\/p>\n","protected":false},"excerpt":{"rendered":"<p>N\u00e3o \u00e9 que a Pata Choca perdeu seu ovo de novo? E dessa vez em Goi\u00e2nia. Vem ajudar a gente a encontr\u00e1-lo, neste espet\u00e1culo que \u00e9 pura divers\u00e3o, com muita m\u00fasica boa e uma hist\u00f3ria pra ensinar a cuidar da natureza. Domingo (21), \u00e0s 17h, tem apresenta\u00e7\u00e3o da pe\u00e7a infantil \u201cO Treco da Pata Choca\u201d no Sesc Centro. N\u00e3o perca mais essa chance de nos ver, que logo estaremos voltando pra Campinas&#8230; &nbsp;<\/p>\n","protected":false},"author":3,"featured_media":4452,"comment_status":"closed","ping_status":"open","sticky":false,"template":"","format":"standard","meta":{"footnotes":""},"categories":[11],"tags":[],"_links":{"self":[{"href":"https:\/\/www.ultimotipo.com.br\/site\/wp-json\/wp\/v2\/posts\/4460"}],"collection":[{"href":"https:\/\/www.ultimotipo.com.br\/site\/wp-json\/wp\/v2\/posts"}],"about":[{"href":"https:\/\/www.ultimotipo.com.br\/site\/wp-json\/wp\/v2\/types\/post"}],"author":[{"embeddable":true,"href":"https:\/\/www.ultimotipo.com.br\/site\/wp-json\/wp\/v2\/users\/3"}],"replies":[{"embeddable":true,"href":"https:\/\/www.ultimotipo.com.br\/site\/wp-json\/wp\/v2\/comments?post=4460"}],"version-history":[{"count":1,"href":"https:\/\/www.ultimotipo.com.br\/site\/wp-json\/wp\/v2\/posts\/4460\/revisions"}],"predecessor-version":[{"id":4461,"href":"https:\/\/www.ultimotipo.com.br\/site\/wp-json\/wp\/v2\/posts\/4460\/revisions\/4461"}],"wp:featuredmedia":[{"embeddable":true,"href":"https:\/\/www.ultimotipo.com.br\/site\/wp-json\/wp\/v2\/media\/4452"}],"wp:attachment":[{"href":"https:\/\/www.ultimotipo.com.br\/site\/wp-json\/wp\/v2\/media?parent=4460"}],"wp:term":[{"taxonomy":"category","embeddable":true,"href":"https:\/\/www.ultimotipo.com.br\/site\/wp-json\/wp\/v2\/categories?post=4460"},{"taxonomy":"post_tag","embeddable":true,"href":"https:\/\/www.ultimotipo.com.br\/site\/wp-json\/wp\/v2\/tags?post=4460"}],"curies":[{"name":"wp","href":"https:\/\/api.w.org\/{rel}","templated":true}]}}