{"id":7765,"date":"2018-03-14T17:08:35","date_gmt":"2018-03-14T17:08:35","guid":{"rendered":"http:\/\/www.ultimotipo.com.br\/site\/?p=7765"},"modified":"2018-03-14T17:10:24","modified_gmt":"2018-03-14T17:10:24","slug":"voce-e-quem-manda-escolhe-a-musica","status":"publish","type":"post","link":"https:\/\/www.ultimotipo.com.br\/site\/voce-e-quem-manda-escolhe-a-musica\/","title":{"rendered":"Voc\u00ea \u00e9 quem manda: escolhe a m\u00fasica!"},"content":{"rendered":"<p>No dia 24 de mar\u00e7o, \u00e0s 21h30, vamos fazer um show em comemora\u00e7\u00e3o aos nossos 30 anos no 6o Juriti &#8211; Festival de M\u00fasica e Poesia Encenada, em Goi\u00e2nia. Estamos super animados com essa participa\u00e7\u00e3o especial no evento, e o repert\u00f3rio j\u00e1 est\u00e1 quase pronto. \u201cAlice\u201d \u00e9 uma m\u00fasica que n\u00e3o pode faltar. Mas queremos ouvir voc\u00ea: qual m\u00fasica quer ouvir l\u00e1?<\/p>\n<p>&nbsp;<\/p>\n<p>&nbsp;<\/p>\n<p><iframe loading=\"lazy\" title=\"Alice - Clipe\" width=\"580\" height=\"435\" src=\"https:\/\/www.youtube.com\/embed\/XiTKXCtO5QM?feature=oembed\" frameborder=\"0\" allow=\"accelerometer; autoplay; clipboard-write; encrypted-media; gyroscope; picture-in-picture; web-share\" referrerpolicy=\"strict-origin-when-cross-origin\" allowfullscreen><\/iframe><\/p>\n","protected":false},"excerpt":{"rendered":"<p>No dia 24 de mar\u00e7o, \u00e0s 21h30, vamos fazer um show em comemora\u00e7\u00e3o aos nossos 30 anos no 6o Juriti &#8211; Festival de M\u00fasica e Poesia Encenada, em Goi\u00e2nia. Estamos super animados com essa participa\u00e7\u00e3o especial no evento, e o repert\u00f3rio j\u00e1 est\u00e1 quase pronto. \u201cAlice\u201d \u00e9 uma m\u00fasica que n\u00e3o pode faltar. Mas queremos ouvir voc\u00ea: qual m\u00fasica quer ouvir l\u00e1? &nbsp; &nbsp;<\/p>\n","protected":false},"author":3,"featured_media":1125,"comment_status":"closed","ping_status":"open","sticky":false,"template":"","format":"standard","meta":{"footnotes":""},"categories":[11],"tags":[],"_links":{"self":[{"href":"https:\/\/www.ultimotipo.com.br\/site\/wp-json\/wp\/v2\/posts\/7765"}],"collection":[{"href":"https:\/\/www.ultimotipo.com.br\/site\/wp-json\/wp\/v2\/posts"}],"about":[{"href":"https:\/\/www.ultimotipo.com.br\/site\/wp-json\/wp\/v2\/types\/post"}],"author":[{"embeddable":true,"href":"https:\/\/www.ultimotipo.com.br\/site\/wp-json\/wp\/v2\/users\/3"}],"replies":[{"embeddable":true,"href":"https:\/\/www.ultimotipo.com.br\/site\/wp-json\/wp\/v2\/comments?post=7765"}],"version-history":[{"count":3,"href":"https:\/\/www.ultimotipo.com.br\/site\/wp-json\/wp\/v2\/posts\/7765\/revisions"}],"predecessor-version":[{"id":7768,"href":"https:\/\/www.ultimotipo.com.br\/site\/wp-json\/wp\/v2\/posts\/7765\/revisions\/7768"}],"wp:featuredmedia":[{"embeddable":true,"href":"https:\/\/www.ultimotipo.com.br\/site\/wp-json\/wp\/v2\/media\/1125"}],"wp:attachment":[{"href":"https:\/\/www.ultimotipo.com.br\/site\/wp-json\/wp\/v2\/media?parent=7765"}],"wp:term":[{"taxonomy":"category","embeddable":true,"href":"https:\/\/www.ultimotipo.com.br\/site\/wp-json\/wp\/v2\/categories?post=7765"},{"taxonomy":"post_tag","embeddable":true,"href":"https:\/\/www.ultimotipo.com.br\/site\/wp-json\/wp\/v2\/tags?post=7765"}],"curies":[{"name":"wp","href":"https:\/\/api.w.org\/{rel}","templated":true}]}}