{"id":7777,"date":"2018-03-16T19:30:51","date_gmt":"2018-03-16T19:30:51","guid":{"rendered":"http:\/\/www.ultimotipo.com.br\/site\/?p=7777"},"modified":"2018-03-19T20:15:29","modified_gmt":"2018-03-19T20:15:29","slug":"e-a-sua-vida-enlacada-na-minha","status":"publish","type":"post","link":"https:\/\/www.ultimotipo.com.br\/site\/e-a-sua-vida-enlacada-na-minha\/","title":{"rendered":"\u00c9 a sua vida enla\u00e7ada na minha"},"content":{"rendered":"<p>A cada cidade, cada espa\u00e7o, cada escola, h\u00e1 sempre um sorriso maravilhado, uma empolga\u00e7\u00e3o que parte de crian\u00e7as e adultos. \u00c9 imposs\u00edvel n\u00e3o nos contagiarmos com essa emo\u00e7\u00e3o, essa expectativa. E assim o espet\u00e1culo se faz maior. Isso nos renova a cren\u00e7a no ser humano, sobretudo nas crian\u00e7as. E nos faz perceber, mais uma vez, como tudo \u00e9 ligado e que fazemos parte de um todo. Vibrar sempre positivamente \u00e9 o caminho para tornarmos o espet\u00e1culo, que \u00e9 esta vida, bem melhor.<\/p>\n<p>&nbsp;<\/p>\n<p>&nbsp;<\/p>\n<p><img loading=\"lazy\" decoding=\"async\" class=\"aligncenter size-medium wp-image-7778\" src=\"http:\/\/www.ultimotipo.com.br\/site\/wp-content\/uploads\/2018\/03\/29249144_1709349899100614_5234970650220691456_n-800x671.jpg\" alt=\"\" width=\"800\" height=\"671\" srcset=\"https:\/\/www.ultimotipo.com.br\/site\/wp-content\/uploads\/2018\/03\/29249144_1709349899100614_5234970650220691456_n-800x671.jpg 800w, https:\/\/www.ultimotipo.com.br\/site\/wp-content\/uploads\/2018\/03\/29249144_1709349899100614_5234970650220691456_n-768x644.jpg 768w, https:\/\/www.ultimotipo.com.br\/site\/wp-content\/uploads\/2018\/03\/29249144_1709349899100614_5234970650220691456_n.jpg 940w\" sizes=\"(max-width: 800px) 100vw, 800px\" \/><\/p>\n","protected":false},"excerpt":{"rendered":"<p>A cada cidade, cada espa\u00e7o, cada escola, h\u00e1 sempre um sorriso maravilhado, uma empolga\u00e7\u00e3o que parte de crian\u00e7as e adultos. \u00c9 imposs\u00edvel n\u00e3o nos contagiarmos com essa emo\u00e7\u00e3o, essa expectativa. E assim o espet\u00e1culo se faz maior. Isso nos renova a cren\u00e7a no ser humano, sobretudo nas crian\u00e7as. E nos faz perceber, mais uma vez, como tudo \u00e9 ligado e que fazemos parte de um todo. Vibrar sempre positivamente \u00e9 o caminho para tornarmos o espet\u00e1culo, que \u00e9 esta vida, &hellip; <a href=\"https:\/\/www.ultimotipo.com.br\/site\/e-a-sua-vida-enlacada-na-minha\/\">Leia Mais <span class=\"meta-nav\"> | +<\/span><\/a><\/p>\n","protected":false},"author":3,"featured_media":7778,"comment_status":"closed","ping_status":"open","sticky":false,"template":"","format":"standard","meta":{"footnotes":""},"categories":[11],"tags":[],"_links":{"self":[{"href":"https:\/\/www.ultimotipo.com.br\/site\/wp-json\/wp\/v2\/posts\/7777"}],"collection":[{"href":"https:\/\/www.ultimotipo.com.br\/site\/wp-json\/wp\/v2\/posts"}],"about":[{"href":"https:\/\/www.ultimotipo.com.br\/site\/wp-json\/wp\/v2\/types\/post"}],"author":[{"embeddable":true,"href":"https:\/\/www.ultimotipo.com.br\/site\/wp-json\/wp\/v2\/users\/3"}],"replies":[{"embeddable":true,"href":"https:\/\/www.ultimotipo.com.br\/site\/wp-json\/wp\/v2\/comments?post=7777"}],"version-history":[{"count":2,"href":"https:\/\/www.ultimotipo.com.br\/site\/wp-json\/wp\/v2\/posts\/7777\/revisions"}],"predecessor-version":[{"id":7780,"href":"https:\/\/www.ultimotipo.com.br\/site\/wp-json\/wp\/v2\/posts\/7777\/revisions\/7780"}],"wp:featuredmedia":[{"embeddable":true,"href":"https:\/\/www.ultimotipo.com.br\/site\/wp-json\/wp\/v2\/media\/7778"}],"wp:attachment":[{"href":"https:\/\/www.ultimotipo.com.br\/site\/wp-json\/wp\/v2\/media?parent=7777"}],"wp:term":[{"taxonomy":"category","embeddable":true,"href":"https:\/\/www.ultimotipo.com.br\/site\/wp-json\/wp\/v2\/categories?post=7777"},{"taxonomy":"post_tag","embeddable":true,"href":"https:\/\/www.ultimotipo.com.br\/site\/wp-json\/wp\/v2\/tags?post=7777"}],"curies":[{"name":"wp","href":"https:\/\/api.w.org\/{rel}","templated":true}]}}