{"id":7781,"date":"2018-03-19T20:37:34","date_gmt":"2018-03-19T20:37:34","guid":{"rendered":"http:\/\/www.ultimotipo.com.br\/site\/?p=7781"},"modified":"2018-03-19T20:37:34","modified_gmt":"2018-03-19T20:37:34","slug":"ta-chegando-show-dos-30-anos-no-festival-juriti","status":"publish","type":"post","link":"https:\/\/www.ultimotipo.com.br\/site\/ta-chegando-show-dos-30-anos-no-festival-juriti\/","title":{"rendered":"T\u00e1 chegando: show dos 30 anos no Festival Juriti!"},"content":{"rendered":"<p>\u00c9 neste s\u00e1bado (24), \u00e0s 21h30, o show de comemora\u00e7\u00e3o dos 30 anos do \u00daltimo Tipo no 6o Festival Juriti, em Goi\u00e2nia. O repert\u00f3rio t\u00e1 ficando lindo, e hoje mostramos aqui mais uma m\u00fasica que n\u00e3o pode faltar: \u201cRubens\u201d (Prem\u00ea). Mas fala a\u00ed: qual m\u00fasica voc\u00ea quer ouvir? Escreve sua sugest\u00e3o nos coment\u00e1rios! E venha nos prestigiar, vai ser demais!<\/p>\n<p>&nbsp;<\/p>\n<p>&nbsp;<\/p>\n<p><iframe loading=\"lazy\" title=\"Rubens Confraria da Dan\u00e7a 2001\" width=\"580\" height=\"326\" src=\"https:\/\/www.youtube.com\/embed\/ttUZCnOg34M?feature=oembed\" frameborder=\"0\" allow=\"accelerometer; autoplay; clipboard-write; encrypted-media; gyroscope; picture-in-picture; web-share\" referrerpolicy=\"strict-origin-when-cross-origin\" allowfullscreen><\/iframe><\/p>\n","protected":false},"excerpt":{"rendered":"<p>\u00c9 neste s\u00e1bado (24), \u00e0s 21h30, o show de comemora\u00e7\u00e3o dos 30 anos do \u00daltimo Tipo no 6o Festival Juriti, em Goi\u00e2nia. O repert\u00f3rio t\u00e1 ficando lindo, e hoje mostramos aqui mais uma m\u00fasica que n\u00e3o pode faltar: \u201cRubens\u201d (Prem\u00ea). Mas fala a\u00ed: qual m\u00fasica voc\u00ea quer ouvir? Escreve sua sugest\u00e3o nos coment\u00e1rios! E venha nos prestigiar, vai ser demais! &nbsp; &nbsp;<\/p>\n","protected":false},"author":3,"featured_media":4153,"comment_status":"closed","ping_status":"open","sticky":false,"template":"","format":"standard","meta":{"footnotes":""},"categories":[11],"tags":[],"_links":{"self":[{"href":"https:\/\/www.ultimotipo.com.br\/site\/wp-json\/wp\/v2\/posts\/7781"}],"collection":[{"href":"https:\/\/www.ultimotipo.com.br\/site\/wp-json\/wp\/v2\/posts"}],"about":[{"href":"https:\/\/www.ultimotipo.com.br\/site\/wp-json\/wp\/v2\/types\/post"}],"author":[{"embeddable":true,"href":"https:\/\/www.ultimotipo.com.br\/site\/wp-json\/wp\/v2\/users\/3"}],"replies":[{"embeddable":true,"href":"https:\/\/www.ultimotipo.com.br\/site\/wp-json\/wp\/v2\/comments?post=7781"}],"version-history":[{"count":1,"href":"https:\/\/www.ultimotipo.com.br\/site\/wp-json\/wp\/v2\/posts\/7781\/revisions"}],"predecessor-version":[{"id":7782,"href":"https:\/\/www.ultimotipo.com.br\/site\/wp-json\/wp\/v2\/posts\/7781\/revisions\/7782"}],"wp:featuredmedia":[{"embeddable":true,"href":"https:\/\/www.ultimotipo.com.br\/site\/wp-json\/wp\/v2\/media\/4153"}],"wp:attachment":[{"href":"https:\/\/www.ultimotipo.com.br\/site\/wp-json\/wp\/v2\/media?parent=7781"}],"wp:term":[{"taxonomy":"category","embeddable":true,"href":"https:\/\/www.ultimotipo.com.br\/site\/wp-json\/wp\/v2\/categories?post=7781"},{"taxonomy":"post_tag","embeddable":true,"href":"https:\/\/www.ultimotipo.com.br\/site\/wp-json\/wp\/v2\/tags?post=7781"}],"curies":[{"name":"wp","href":"https:\/\/api.w.org\/{rel}","templated":true}]}}