{"id":8546,"date":"2026-07-15T20:42:00","date_gmt":"2026-07-15T20:42:00","guid":{"rendered":"https:\/\/www.ultimotipo.com.br\/site\/?p=8546"},"modified":"2026-09-04T20:54:33","modified_gmt":"2026-09-04T20:54:33","slug":"animambembe-em-catalao-e-ouvidor","status":"publish","type":"post","link":"https:\/\/www.ultimotipo.com.br\/site\/animambembe-em-catalao-e-ouvidor\/","title":{"rendered":"Animambembe em Catal\u00e3o e Ouvidor"},"content":{"rendered":"<p>O \u00daltimo tipo est\u00e1 chegando em Catal\u00e3o e Ouvidor para o projeto F\u00e9rias Criativas da Casa Criativa CMOC.<\/p>\n<p>Prepare-se para uma noite de muita divers\u00e3o, imagina\u00e7\u00e3o e boas risadas com o espet\u00e1culo Animambembe! Uma apresenta\u00e7\u00e3o gratuita para toda a fam\u00edlia, cheia de humor, criatividade e encanto.<\/p>\n<p>\ud83d\udccd Catal\u00e3o<br \/>\n\ud83d\uddd3\ufe0f 16 de julho (quinta-feira)<br \/>\n\ud83d\udd56 19h<br \/>\n\ud83d\udccc Casa Criativa CMOC<\/p>\n<p>\ud83d\udccd Ouvidor<br \/>\n\ud83d\uddd3\ufe0f 17 de julho (sexta-feira)<br \/>\n\ud83d\udd56 19h<br \/>\n\ud83d\udccc Casa Criativa CMOC<\/p>\n<p>\ud83c\udf9f\ufe0f Entrada gratuita!<\/p>\n<p>Chame a fam\u00edlia, convide os amigos e venha viver essa experi\u00eancia cultural especial nas F\u00e9rias Criativas. Esperamos por voc\u00ea! \ud83d\udc9c\ud83c\udfad<\/p>\n<p><img loading=\"lazy\" decoding=\"async\" class=\"alignnone size-full wp-image-8547\" src=\"https:\/\/www.ultimotipo.com.br\/site\/wp-content\/uploads\/2026\/09\/Screenshot_20260904_173712_Instagram.jpg\" alt=\"\" width=\"1080\" height=\"1221\" \/><\/p>\n","protected":false},"excerpt":{"rendered":"<p>O \u00daltimo tipo est\u00e1 chegando em Catal\u00e3o e Ouvidor para o projeto F\u00e9rias Criativas da Casa Criativa CMOC. Prepare-se para uma noite de muita divers\u00e3o, imagina\u00e7\u00e3o e boas risadas com o espet\u00e1culo Animambembe! Uma apresenta\u00e7\u00e3o gratuita para toda a fam\u00edlia, cheia de humor, criatividade e encanto. \ud83d\udccd Catal\u00e3o \ud83d\uddd3\ufe0f 16 de julho (quinta-feira) \ud83d\udd56 19h \ud83d\udccc Casa Criativa CMOC \ud83d\udccd Ouvidor \ud83d\uddd3\ufe0f 17 de julho (sexta-feira) \ud83d\udd56 19h \ud83d\udccc Casa Criativa CMOC \ud83c\udf9f\ufe0f Entrada gratuita! Chame a fam\u00edlia, convide os &hellip; <a href=\"https:\/\/www.ultimotipo.com.br\/site\/animambembe-em-catalao-e-ouvidor\/\">Leia Mais <span class=\"meta-nav\"> | +<\/span><\/a><\/p>\n","protected":false},"author":4,"featured_media":8547,"comment_status":"closed","ping_status":"open","sticky":false,"template":"","format":"standard","meta":{"footnotes":""},"categories":[11],"tags":[119,123,124,126,125],"_links":{"self":[{"href":"https:\/\/www.ultimotipo.com.br\/site\/wp-json\/wp\/v2\/posts\/8546"}],"collection":[{"href":"https:\/\/www.ultimotipo.com.br\/site\/wp-json\/wp\/v2\/posts"}],"about":[{"href":"https:\/\/www.ultimotipo.com.br\/site\/wp-json\/wp\/v2\/types\/post"}],"author":[{"embeddable":true,"href":"https:\/\/www.ultimotipo.com.br\/site\/wp-json\/wp\/v2\/users\/4"}],"replies":[{"embeddable":true,"href":"https:\/\/www.ultimotipo.com.br\/site\/wp-json\/wp\/v2\/comments?post=8546"}],"version-history":[{"count":1,"href":"https:\/\/www.ultimotipo.com.br\/site\/wp-json\/wp\/v2\/posts\/8546\/revisions"}],"predecessor-version":[{"id":8548,"href":"https:\/\/www.ultimotipo.com.br\/site\/wp-json\/wp\/v2\/posts\/8546\/revisions\/8548"}],"wp:featuredmedia":[{"embeddable":true,"href":"https:\/\/www.ultimotipo.com.br\/site\/wp-json\/wp\/v2\/media\/8547"}],"wp:attachment":[{"href":"https:\/\/www.ultimotipo.com.br\/site\/wp-json\/wp\/v2\/media?parent=8546"}],"wp:term":[{"taxonomy":"category","embeddable":true,"href":"https:\/\/www.ultimotipo.com.br\/site\/wp-json\/wp\/v2\/categories?post=8546"},{"taxonomy":"post_tag","embeddable":true,"href":"https:\/\/www.ultimotipo.com.br\/site\/wp-json\/wp\/v2\/tags?post=8546"}],"curies":[{"name":"wp","href":"https:\/\/api.w.org\/{rel}","templated":true}]}}